{"id":658,"date":"2017-08-04T07:48:00","date_gmt":"2017-08-04T05:48:00","guid":{"rendered":"https:\/\/latambouilledebouille.com\/index.php\/2017\/08\/04\/balade-a-st-malo-et-au-cap-frehel\/"},"modified":"2017-08-04T07:48:00","modified_gmt":"2017-08-04T05:48:00","slug":"balade-a-st-malo-et-au-cap-frehel","status":"publish","type":"post","link":"https:\/\/latambouilledebouille.com\/index.php\/2017\/08\/04\/balade-a-st-malo-et-au-cap-frehel\/","title":{"rendered":"Balade \u00e0 St Malo et au Cap Fr\u00e9hel"},"content":{"rendered":"<div>\n<div class=\"articlebody\" itemprop=\"articleBody\">\n<p>Bonjour bonjour!<\/p>\n<p>Aujourd&#8217;hui on se retrouve pour un article un peu diff&eacute;rent, je vous emm&egrave;ne en <strong>balade &agrave; <a href=\"http:\/\/www.saint-malo-tourisme.com\/\" target=\"_blank\">St Malo<\/a> et au<a href=\"http:\/\/www.paysdefrehel.com\/\" target=\"_blank\"> Cap Fr&eacute;hel<\/a><\/strong>, le tout en Bretagne.<\/p>\n<p><img data-recalc-dims=\"1\" decoding=\"async\" src=\"https:\/\/i0.wp.com\/latambouilledebouille.com\/wp-content\/uploads\/2017\/08\/116897412-1.jpg?w=1200&#038;ssl=1\" border=\"0\" alt=\"restaurant-OdeMer-saintMalo-plat\" class=\"widthadapted nonealign\"><\/p>\n<p>Cette ann&eacute;e nous ne sommes pas parti en vacances, David ayant sign&eacute; son contrat en CDI il y a moins de 1 an il n&#8217;a pas le droit &agrave; ses 5 semaines de vacances, mais vu l&#8217;endroit o&ugrave; nous habitons il est facile de s&#8217;&eacute;vader une journ&eacute;e ou un week-end!<br \/>La Loire-Atlantique est riche de lieux &agrave; d&eacute;couvrir ou re-d&eacute;couvrir et la Bretagne est toute proche alors pendant ces quelques jours de repos nous en avons profiter pour nous &eacute;vader &agrave; St Malo et au Cap Fr&eacute;hel.<\/p>\n<p>Nous &eacute;tions d&eacute;j&agrave; all&eacute; &agrave; St Malo, vous pouvez revoir l&#8217;article o&ugrave; nous avions mang&eacute; au <a href=\"https:\/\/latambouilledebouille.com\/index.php\/2015\/09\/04\/restaurant-le-ventre-des-halles-a-st-malo\/\" target=\"_blank\">Ventre des Halles<\/a>, <strong>restaurant qui n&#8217;existe plus depuis<\/strong>, nous avions beaucoup appr&eacute;ci&eacute; cette jolie ville. Se balader le long des remparts, les jolies rues de l&#8217;intra muros, bref nous avions tr&egrave;s envie d&#8217;y retourner.<\/p>\n<p>Le paysage est tellement beau, quand nous sommes arriv&eacute;s il faisait gris, le soleil est arriv&eacute; en fin de matin&eacute;e et ne nous a plus quitt&eacute; de la journ&eacute;e.<\/p>\n<p>Nous avons commenc&eacute; par nous promener dans les petites ruelles et d&eacute;couvrir ainsi des tr&eacute;sors cach&eacute;s comme la cour de La Houssaye par exemple.<\/p>\n<p><img data-recalc-dims=\"1\" decoding=\"async\" src=\"https:\/\/i0.wp.com\/latambouilledebouille.com\/wp-content\/uploads\/2017\/08\/116897441-1.jpg?w=1200&#038;ssl=1\" border=\"0\" alt=\"Cour-LaHoussaye-SaintMalo\" class=\"widthadapted nonealign\"><\/p>\n<p><img data-recalc-dims=\"1\" decoding=\"async\" src=\"https:\/\/i0.wp.com\/latambouilledebouille.com\/wp-content\/uploads\/2017\/08\/116897442-1.jpg?w=1200&#038;ssl=1\" border=\"0\" alt=\"SaintMalo-2017\" class=\"widthadapted nonealign\"><\/p>\n<p>Nous sommes ensuite partis en qu&ecirc;te d&#8217;un restaurant pour le midi&#8230; Je dois vous avouer que j&#8217;avais un peu peur car les restaurant sont assez petits et encaiss&eacute;s et je me souviens du regard de certains serveurs\/restaurateurs quand on regardait les menus lors de notre 1&eacute;re visite&#8230; Genre &#8220;tssss encore une poussette&#8221;, nous avions trouv&eacute; alors un restaurant sympa mais qui aujourd&#8217;hui n&#8217;existe plus.<\/p>\n<p>Pour cette seconde visite j&#8217;avais vraiment peur de ne pas trouver un accueil chaleureux, avec une poussette et un enfant de 3 ans, combo gagnant comme on dit!&nbsp;<\/p>\n<p>Puis nous sommes tomb&eacute; en arr&ecirc;t sur le menu du restaurant &#8220;<strong><a href=\"http:\/\/www.brasserieodemer.fr\/\" target=\"_blank\">L&#8217;&Ocirc; de Mer<\/a><\/strong>&#8220;, quand j&#8217;ai vu les mots &#8220;choucroute de la mer&#8221; j&#8217;avais absolument envie d&#8217;y aller, Ch&eacute;ri aussi, &ccedil;a tombait bien ah ah ah<\/p>\n<p>David y est donc all&eacute; en &eacute;claireur, il n&#8217;&eacute;tait pas midi donc on nous a juste demand&eacute; de patienter mais c&#8217;&eacute;tait ok.<\/p>\n<p>A peine install&eacute;, la g&eacute;rante (il me semble) a apport&eacute; des crayons et un coloriage pour Louis, &ccedil;a nous a d&eacute;tendu de suite.<\/p>\n<p>On nous a propos&eacute; de faire r&eacute;chauffer le repas de Poupiette aussi.<\/p>\n<p>Avec David nous avons tous les 2 choisis de prendre le menu choucroute de la mer (19&euro;90 il me semble) qui comprenait donc le plat et un verre de bi&egrave;re mais David a pu remplacer par un verre de vin.<\/p>\n<p><img data-recalc-dims=\"1\" decoding=\"async\" src=\"https:\/\/i0.wp.com\/latambouilledebouille.com\/wp-content\/uploads\/2017\/08\/116897447-1.jpg?w=1200&#038;ssl=1\" border=\"0\" alt=\"plat-restaurant-OdeMer-StMalo-chourcroute-de-la-mer\" class=\"widthadapted nonealign\"><\/p>\n<p>Nous nous sommes r&eacute;gal&eacute;s, le chou &eacute;tait d&eacute;licieux, et contrairement &agrave; d&#8217;autres restaurants, il y avait plusieurs poissons diff&eacute;rents dont du saumon, une St Jacques, des crevettes, des moules&#8230; bref top! Le tout tr&egrave;s bien cuit! <br \/>Plein de saveurs, &ccedil;a me donne envie d&#8217;y retourner mais aussi de tenter de refaire ce plat &agrave; la maison!&nbsp;<\/p>\n<p>Pour Louis il y avait au menu du poisson, il a choisi des frites (arf&#8230; elles &eacute;taient bonnes ceci dit) mais la g&eacute;rante nous avait aussi propos&eacute; de nous faire une &eacute;cras&eacute;e de pommes de terre ou du risotto! Super non?<\/p>\n<p>Les plats sont tr&egrave;s bien pr&eacute;sent&eacute;s, m&ecirc;me le menu enfant! Et oui! Je trouve &ccedil;a super!<\/p>\n<p>En plus son poisson &eacute;tait d&eacute;licieux, cuit parfaitement, moelleux et pas sec comme on peut avoir dans certains autre menu enfant! Bref top!&nbsp;<\/p>\n<p><img data-recalc-dims=\"1\" decoding=\"async\" src=\"https:\/\/i0.wp.com\/latambouilledebouille.com\/wp-content\/uploads\/2017\/08\/116897478-1.jpg?w=1200&#038;ssl=1\" border=\"0\" alt=\"O-de-mer-st-malo-kids\" class=\"widthadapted nonealign\"><\/p>\n<p style=\"text-align: center;\"><em>Le plat de Louis donc! Admirer cette jolie pr&eacute;sentation!&nbsp;<\/em><\/p>\n<p><img data-recalc-dims=\"1\" decoding=\"async\" src=\"https:\/\/i0.wp.com\/latambouilledebouille.com\/wp-content\/uploads\/2017\/08\/116897480-1.jpg?w=1200&#038;ssl=1\" border=\"0\" alt=\"Dessert-OdeMer-kids-SaintMalo\" class=\"widthadapted nonealign\"><\/p>\n<p style=\"text-align: center;\"><em>Le dessert de Louis, de la mousse au chocolat (on a un enfant qui n&#8217;aime pas les glaces&#8230;)<\/em><\/p>\n<p><img data-recalc-dims=\"1\" decoding=\"async\" src=\"https:\/\/i0.wp.com\/latambouilledebouille.com\/wp-content\/uploads\/2017\/08\/116897484-1.jpg?w=1200&#038;ssl=1\" border=\"0\" alt=\"dessert-OdeMer-StMalo\" class=\"widthadapted nonealign\"><\/p>\n<p style=\"text-align: center;\"><em>Mon dessert, un riz au lait sur une marmelade d&#8217;agrumes, mioum!&nbsp;<\/em><\/p>\n<p><img data-recalc-dims=\"1\" decoding=\"async\" src=\"https:\/\/i0.wp.com\/latambouilledebouille.com\/wp-content\/uploads\/2017\/08\/116897487-1.jpg?w=1200&#038;ssl=1\" border=\"0\" alt=\"Odemer-saint-malo-dessert-glace\" class=\"widthadapted nonealign\"><\/p>\n<p style=\"text-align: center;\"><em>Le dessert de David, de la simple glace vanille, vraiment joliment pr&eacute;sent&eacute; franchement!<\/em><\/p>\n<p>Nous n&#8217;avons &eacute;t&eacute; conquis aussi bien par les plats que par l&#8217;accueil, c&#8217;&eacute;tait vraiment sympa et agr&eacute;able.<\/p>\n<p>Une bonne pause dans la journ&eacute;e.<\/p>\n<p>Nous avons ensuite quitt&eacute; St malo pour nous rendre au Cap Fr&eacute;hel, nous avons commenc&eacute; avec la poussette mais Alice pleurait a cause de l&#8217;&eacute;tat du chemin donc nous sommes retourn&eacute;s chercher le porte b&eacute;b&eacute;.<\/p>\n<p><img data-recalc-dims=\"1\" decoding=\"async\" src=\"https:\/\/i0.wp.com\/latambouilledebouille.com\/wp-content\/uploads\/2017\/08\/116897533-1.jpg?w=1200&#038;ssl=1\" border=\"0\" alt=\"Balade-Bretagne-Cap-Fre&#769;hel\" class=\"widthadapted nonealign\"><\/p>\n<p><img data-recalc-dims=\"1\" decoding=\"async\" src=\"https:\/\/i0.wp.com\/latambouilledebouille.com\/wp-content\/uploads\/2017\/08\/116897536-1.jpg?w=1200&#038;ssl=1\" border=\"0\" alt=\"Cap-Fre&#769;hel-2017\" class=\"widthadapted nonealign\"><\/p>\n<p><img data-recalc-dims=\"1\" decoding=\"async\" src=\"https:\/\/i0.wp.com\/latambouilledebouille.com\/wp-content\/uploads\/2017\/08\/116897537-1.jpg?w=1200&#038;ssl=1\" border=\"0\" alt=\"Cap-Fre&#769;hel-bretagne\" class=\"widthadapted nonealign\"><\/p>\n<p><img data-recalc-dims=\"1\" decoding=\"async\" src=\"https:\/\/i0.wp.com\/latambouilledebouille.com\/wp-content\/uploads\/2017\/08\/116897539-1.jpg?w=1200&#038;ssl=1\" border=\"0\" alt=\"visite-cap-fre&#769;hel-2017\" class=\"widthadapted nonealign\"><\/p>\n<p>Pour vous rendre au Cap Fr&eacute;hel il faut s&#8217;acquitter des 3 euros de parking mais la vue en vaut la peine! C&#8217;est magnifique! Il faisait un temps splendide en plus, bref un bon moment &eacute;galement.<\/p>\n<p>Nous sommes rentr&eacute;s de cette journ&eacute;e fatigu&eacute;s par cette journ&eacute;e de marche mais heureux \ud83d\ude42&nbsp;<\/p>\n<p>Dans la m&ecirc;me semaine nous sommes all&eacute;s &agrave; Nantes pour faire le Voyage &agrave; Nantes (enfin une partie) si &ccedil;a vous tente je vous en parlerai dans un autre article.<\/p>\n<p>En attendant si vous cherchez des id&eacute;es pour vous r&eacute;galer, je vous propose de revoir l&#8217;article sur l&#8217;<strong><a href=\"https:\/\/latambouilledebouille.com\/index.php\/2015\/09\/08\/restaurant-lauberge-de-la-vieille-eglise-a-tregastel\/\" target=\"_blank\">Auberge de Vieille Eglise &agrave; Tr&eacute;gastel<\/a><\/strong>, le restaurant <strong><a href=\"https:\/\/latambouilledebouille.com\/index.php\/2015\/07\/08\/restaurant-chez-emile-le-croisic\/\" target=\"_blank\">Chez Emile au Croisic<\/a><\/strong> ou encore <strong><a href=\"https:\/\/latambouilledebouille.com\/index.php\/2017\/06\/08\/bonnes-adresses-robins-a-nantes\/\" target=\"_blank\">Robin&#8217;s &agrave; Nantes<\/a><\/strong> (en cong&eacute;s actuellement mais pour une vir&eacute;e Nantaise en Septembre)<\/p>\n<p>A bient&ocirc;t.<\/p>\n<p>Les coordonn&eacute;es du restaurant l&#8217;<strong><a href=\"http:\/\/www.brasserieodemer.fr\/\" target=\"_blank\">&Ocirc; de Mer &agrave; Saint Malo<\/a><\/strong>:<\/p>\n<p style=\"text-align: center;\"><strong>4 rue Jacques Cartier<\/strong><\/p>\n<p style=\"text-align: center;\"><strong>35400 Saint Malo<\/strong><\/p>\n<p style=\"text-align: center;\"><strong>02 99 40 15 04<\/strong><\/p>\n<p style=\"text-align: center;\"><a href=\"https:\/\/www.facebook.com\/brasserieodemer\/\" target=\"_blank\"><strong>La page facebook de l&#8217;&Ocirc; de Mer<\/strong><\/a><\/p>\n<p style=\"text-align: center;\">&nbsp;<\/p>\n<p style=\"text-align: left;\"><span style=\"font-size: 12pt; color: #993366;\"><strong><strong>N&#8217;oubliez pas : L&#8217;&eacute;quipe&nbsp;<a href=\"http:\/\/www.toastetmoi.fr\/\" target=\"_blank\"><span style=\"color: #993366;\">Toast &amp; Moi<\/span><\/a>&nbsp;a mis en place un code promo pour les lecteurs de La tambouille de Bouille, il vous suffira d&#8217;indiquer le code :&nbsp;070817&nbsp;au moment de votre commande et vous b&eacute;n&eacute;ficierez de&nbsp;40&euro;&nbsp;de r&eacute;duction pour l&#8217;achat de votre appareil! Le code est valable jusqu&#8217;au&nbsp;31 Ao&ucirc;t 2017&nbsp;\ud83d\ude42&nbsp;<\/strong><\/strong><\/span><\/p>\n<p style=\"text-align: center;\">&nbsp;<\/p>\n<p style=\"text-align: center;\"><span style=\"color: #ff99cc;\"><strong><a href=\"https:\/\/www.facebook.com\/LaTambouilleDeBouille?ref=hl\" target=\"_blank\"><span style=\"color: #ff99cc;\">FACEBOOK<\/span><\/a>&nbsp;*&nbsp;<a href=\"https:\/\/instagram.com\/bouilledegum\/\" target=\"_blank\"><span style=\"color: #ff99cc;\">INSTAGRAM<\/span><\/a>&nbsp;*&nbsp;<a href=\"https:\/\/twitter.com\/BouilledeGum\" target=\"_blank\"><span style=\"color: #ff99cc;\">TWITTER<\/span><\/a>&nbsp;*&nbsp;<a href=\"http:\/\/www.hellocoton.fr\/mapage\/tambouilledebouille\" target=\"_blank\"><span style=\"color: #ff99cc;\">HELLOCOTON<\/span><\/a>&nbsp;*&nbsp;<a href=\"http:\/\/www.inspilia.fr\/membre\/latambouilledebouille\" target=\"_blank\"><span style=\"color: #ff99cc;\">INSPILIA<\/span><\/a>&nbsp;*&nbsp;<a href=\"https:\/\/www.pinterest.com\/bouilledegum\/\" target=\"_blank\"><span style=\"color: #ff99cc;\">PINTEREST<\/span><\/a>&nbsp;<\/strong><img data-recalc-dims=\"1\" height=\"300\" width=\"300\" decoding=\"async\" src=\"https:\/\/i0.wp.com\/p9.storage.canalblog.com\/94\/00\/1087275\/107066663.jpg?fit=300%2C300\" alt=\"\" class=\"aligncenter size-medium\"><\/span><\/p>\n<div style=\"clear:both;\"><\/div>\n<\/div>\n<\/div>\n","protected":false},"excerpt":{"rendered":"<p>Bonjour bonjour! Aujourd&#8217;hui on se retrouve pour un article un peu diff&eacute;rent, je vous emm&egrave;ne en balade &agrave; St Malo et au Cap Fr&eacute;hel, le tout en Bretagne. Cette ann&eacute;e nous ne sommes pas parti en vacances, David ayant sign&eacute; son contrat en CDI il y a moins de 1 an il n&#8217;a pas le [&hellip;]<\/p>\n","protected":false},"author":2,"featured_media":0,"comment_status":"open","ping_status":"open","sticky":false,"template":"","format":"standard","meta":{"_acf_changed":false,"sfsi_plus_gutenberg_text_before_share":"","sfsi_plus_gutenberg_show_text_before_share":"","sfsi_plus_gutenberg_icon_type":"","sfsi_plus_gutenberg_icon_alignemt":"","sfsi_plus_gutenburg_max_per_row":"","_jetpack_memberships_contains_paid_content":false,"footnotes":""},"categories":[997],"tags":[1034,116,132,1035,1036,1037,1038,1039,767,857],"class_list":["post-658","post","type-post","status-publish","format-standard","hentry","category-bonnes-adresses","tag-balade-en-bretagne","tag-bonnes-adresses","tag-bretagne","tag-cap-frehel","tag-choucroute-de-la-mer","tag-en-balade","tag-kids-friendly","tag-o-de-mer","tag-restaurant","tag-st-malo"],"acf":[],"yoast_head":"<!-- This site is optimized with the Yoast SEO Premium plugin v24.0 (Yoast SEO v24.0) - https:\/\/yoast.com\/wordpress\/plugins\/seo\/ -->\n<title>Balade \u00e0 St Malo et au Cap Fr\u00e9hel - La tambouille de Bouille<\/title>\n<meta name=\"robots\" content=\"index, follow, max-snippet:-1, max-image-preview:large, max-video-preview:-1\" \/>\n<link rel=\"canonical\" href=\"https:\/\/latambouilledebouille.com\/index.php\/2017\/08\/04\/balade-a-st-malo-et-au-cap-frehel\/\" \/>\n<meta property=\"og:locale\" content=\"fr_FR\" \/>\n<meta property=\"og:type\" content=\"article\" \/>\n<meta property=\"og:title\" content=\"Balade \u00e0 St Malo et au Cap Fr\u00e9hel\" \/>\n<meta property=\"og:description\" content=\"Bonjour bonjour! Aujourd&#8217;hui on se retrouve pour un article un peu diff&eacute;rent, je vous emm&egrave;ne en balade &agrave; St Malo et au Cap Fr&eacute;hel, le tout en Bretagne. Cette ann&eacute;e nous ne sommes pas parti en vacances, David ayant sign&eacute; son contrat en CDI il y a moins de 1 an il n&#8217;a pas le [&hellip;]\" \/>\n<meta property=\"og:url\" content=\"https:\/\/latambouilledebouille.com\/index.php\/2017\/08\/04\/balade-a-st-malo-et-au-cap-frehel\/\" \/>\n<meta property=\"og:site_name\" content=\"La tambouille de Bouille\" \/>\n<meta property=\"article:published_time\" content=\"2017-08-04T05:48:00+00:00\" \/>\n<meta property=\"og:image\" content=\"https:\/\/latambouilledebouille.com\/wp-content\/uploads\/2017\/08\/116897412-1.jpg\" \/>\n<meta name=\"author\" content=\"BouilledeGum\" \/>\n<meta name=\"twitter:card\" content=\"summary_large_image\" \/>\n<meta name=\"twitter:label1\" content=\"\u00c9crit par\" \/>\n\t<meta name=\"twitter:data1\" content=\"BouilledeGum\" \/>\n\t<meta name=\"twitter:label2\" content=\"Dur\u00e9e de lecture estim\u00e9e\" \/>\n\t<meta name=\"twitter:data2\" content=\"5 minutes\" \/>\n<script type=\"application\/ld+json\" class=\"yoast-schema-graph\">{\"@context\":\"https:\/\/schema.org\",\"@graph\":[{\"@type\":\"Article\",\"@id\":\"https:\/\/latambouilledebouille.com\/index.php\/2017\/08\/04\/balade-a-st-malo-et-au-cap-frehel\/#article\",\"isPartOf\":{\"@id\":\"https:\/\/latambouilledebouille.com\/index.php\/2017\/08\/04\/balade-a-st-malo-et-au-cap-frehel\/\"},\"author\":{\"name\":\"BouilledeGum\",\"@id\":\"https:\/\/latambouilledebouille.com\/#\/schema\/person\/60a785d85a273d47d213dd39e49799d2\"},\"headline\":\"Balade \u00e0 St Malo et au Cap Fr\u00e9hel\",\"datePublished\":\"2017-08-04T05:48:00+00:00\",\"dateModified\":\"2017-08-04T05:48:00+00:00\",\"mainEntityOfPage\":{\"@id\":\"https:\/\/latambouilledebouille.com\/index.php\/2017\/08\/04\/balade-a-st-malo-et-au-cap-frehel\/\"},\"wordCount\":1101,\"commentCount\":0,\"publisher\":{\"@id\":\"https:\/\/latambouilledebouille.com\/#\/schema\/person\/60a785d85a273d47d213dd39e49799d2\"},\"image\":{\"@id\":\"https:\/\/latambouilledebouille.com\/index.php\/2017\/08\/04\/balade-a-st-malo-et-au-cap-frehel\/#primaryimage\"},\"thumbnailUrl\":\"https:\/\/latambouilledebouille.com\/wp-content\/uploads\/2017\/08\/116897412-1.jpg\",\"keywords\":[\"balade en bretagne\",\"bonnes adresses\",\"bretagne\",\"cap fr\u00e9hel\",\"choucroute de la mer\",\"en balade\",\"kids friendly\",\"\u00f4 de mer\",\"restaurant\",\"st malo\"],\"articleSection\":[\"bonnes adresses\"],\"inLanguage\":\"fr-FR\",\"potentialAction\":[{\"@type\":\"CommentAction\",\"name\":\"Comment\",\"target\":[\"https:\/\/latambouilledebouille.com\/index.php\/2017\/08\/04\/balade-a-st-malo-et-au-cap-frehel\/#respond\"]}]},{\"@type\":\"WebPage\",\"@id\":\"https:\/\/latambouilledebouille.com\/index.php\/2017\/08\/04\/balade-a-st-malo-et-au-cap-frehel\/\",\"url\":\"https:\/\/latambouilledebouille.com\/index.php\/2017\/08\/04\/balade-a-st-malo-et-au-cap-frehel\/\",\"name\":\"Balade \u00e0 St Malo et au Cap Fr\u00e9hel - La tambouille de Bouille\",\"isPartOf\":{\"@id\":\"https:\/\/latambouilledebouille.com\/#website\"},\"primaryImageOfPage\":{\"@id\":\"https:\/\/latambouilledebouille.com\/index.php\/2017\/08\/04\/balade-a-st-malo-et-au-cap-frehel\/#primaryimage\"},\"image\":{\"@id\":\"https:\/\/latambouilledebouille.com\/index.php\/2017\/08\/04\/balade-a-st-malo-et-au-cap-frehel\/#primaryimage\"},\"thumbnailUrl\":\"https:\/\/latambouilledebouille.com\/wp-content\/uploads\/2017\/08\/116897412-1.jpg\",\"datePublished\":\"2017-08-04T05:48:00+00:00\",\"dateModified\":\"2017-08-04T05:48:00+00:00\",\"breadcrumb\":{\"@id\":\"https:\/\/latambouilledebouille.com\/index.php\/2017\/08\/04\/balade-a-st-malo-et-au-cap-frehel\/#breadcrumb\"},\"inLanguage\":\"fr-FR\",\"potentialAction\":[{\"@type\":\"ReadAction\",\"target\":[\"https:\/\/latambouilledebouille.com\/index.php\/2017\/08\/04\/balade-a-st-malo-et-au-cap-frehel\/\"]}]},{\"@type\":\"ImageObject\",\"inLanguage\":\"fr-FR\",\"@id\":\"https:\/\/latambouilledebouille.com\/index.php\/2017\/08\/04\/balade-a-st-malo-et-au-cap-frehel\/#primaryimage\",\"url\":\"https:\/\/i0.wp.com\/latambouilledebouille.com\/wp-content\/uploads\/2017\/08\/116897412-1.jpg?fit=800%2C562&ssl=1\",\"contentUrl\":\"https:\/\/i0.wp.com\/latambouilledebouille.com\/wp-content\/uploads\/2017\/08\/116897412-1.jpg?fit=800%2C562&ssl=1\",\"width\":800,\"height\":562},{\"@type\":\"BreadcrumbList\",\"@id\":\"https:\/\/latambouilledebouille.com\/index.php\/2017\/08\/04\/balade-a-st-malo-et-au-cap-frehel\/#breadcrumb\",\"itemListElement\":[{\"@type\":\"ListItem\",\"position\":1,\"name\":\"Accueil\",\"item\":\"https:\/\/latambouilledebouille.com\/\"},{\"@type\":\"ListItem\",\"position\":2,\"name\":\"Balade \u00e0 St Malo et au Cap Fr\u00e9hel\"}]},{\"@type\":\"WebSite\",\"@id\":\"https:\/\/latambouilledebouille.com\/#website\",\"url\":\"https:\/\/latambouilledebouille.com\/\",\"name\":\"La tambouille de Bouille\",\"description\":\"De la gourmandise sucr\u00e9e, sal\u00e9e, avec une pinc\u00e9e de fantaisie\",\"publisher\":{\"@id\":\"https:\/\/latambouilledebouille.com\/#\/schema\/person\/60a785d85a273d47d213dd39e49799d2\"},\"potentialAction\":[{\"@type\":\"SearchAction\",\"target\":{\"@type\":\"EntryPoint\",\"urlTemplate\":\"https:\/\/latambouilledebouille.com\/?s={search_term_string}\"},\"query-input\":{\"@type\":\"PropertyValueSpecification\",\"valueRequired\":true,\"valueName\":\"search_term_string\"}}],\"inLanguage\":\"fr-FR\"},{\"@type\":[\"Person\",\"Organization\"],\"@id\":\"https:\/\/latambouilledebouille.com\/#\/schema\/person\/60a785d85a273d47d213dd39e49799d2\",\"name\":\"BouilledeGum\",\"image\":{\"@type\":\"ImageObject\",\"inLanguage\":\"fr-FR\",\"@id\":\"https:\/\/latambouilledebouille.com\/#\/schema\/person\/image\/\",\"url\":\"https:\/\/secure.gravatar.com\/avatar\/2b559a9357377a79331e346651242fa8?s=96&d=mm&r=g\",\"contentUrl\":\"https:\/\/secure.gravatar.com\/avatar\/2b559a9357377a79331e346651242fa8?s=96&d=mm&r=g\",\"caption\":\"BouilledeGum\"},\"logo\":{\"@id\":\"https:\/\/latambouilledebouille.com\/#\/schema\/person\/image\/\"},\"sameAs\":[\"https:\/\/latambouilledebouille.com\"],\"url\":\"https:\/\/latambouilledebouille.com\/index.php\/author\/bouilledegum\/\"}]}<\/script>\n<!-- \/ Yoast SEO Premium plugin. -->","yoast_head_json":{"title":"Balade \u00e0 St Malo et au Cap Fr\u00e9hel - La tambouille de Bouille","robots":{"index":"index","follow":"follow","max-snippet":"max-snippet:-1","max-image-preview":"max-image-preview:large","max-video-preview":"max-video-preview:-1"},"canonical":"https:\/\/latambouilledebouille.com\/index.php\/2017\/08\/04\/balade-a-st-malo-et-au-cap-frehel\/","og_locale":"fr_FR","og_type":"article","og_title":"Balade \u00e0 St Malo et au Cap Fr\u00e9hel","og_description":"Bonjour bonjour! Aujourd&#8217;hui on se retrouve pour un article un peu diff&eacute;rent, je vous emm&egrave;ne en balade &agrave; St Malo et au Cap Fr&eacute;hel, le tout en Bretagne. Cette ann&eacute;e nous ne sommes pas parti en vacances, David ayant sign&eacute; son contrat en CDI il y a moins de 1 an il n&#8217;a pas le [&hellip;]","og_url":"https:\/\/latambouilledebouille.com\/index.php\/2017\/08\/04\/balade-a-st-malo-et-au-cap-frehel\/","og_site_name":"La tambouille de Bouille","article_published_time":"2017-08-04T05:48:00+00:00","og_image":[{"url":"https:\/\/latambouilledebouille.com\/wp-content\/uploads\/2017\/08\/116897412-1.jpg","type":"","width":"","height":""}],"author":"BouilledeGum","twitter_card":"summary_large_image","twitter_misc":{"\u00c9crit par":"BouilledeGum","Dur\u00e9e de lecture estim\u00e9e":"5 minutes"},"schema":{"@context":"https:\/\/schema.org","@graph":[{"@type":"Article","@id":"https:\/\/latambouilledebouille.com\/index.php\/2017\/08\/04\/balade-a-st-malo-et-au-cap-frehel\/#article","isPartOf":{"@id":"https:\/\/latambouilledebouille.com\/index.php\/2017\/08\/04\/balade-a-st-malo-et-au-cap-frehel\/"},"author":{"name":"BouilledeGum","@id":"https:\/\/latambouilledebouille.com\/#\/schema\/person\/60a785d85a273d47d213dd39e49799d2"},"headline":"Balade \u00e0 St Malo et au Cap Fr\u00e9hel","datePublished":"2017-08-04T05:48:00+00:00","dateModified":"2017-08-04T05:48:00+00:00","mainEntityOfPage":{"@id":"https:\/\/latambouilledebouille.com\/index.php\/2017\/08\/04\/balade-a-st-malo-et-au-cap-frehel\/"},"wordCount":1101,"commentCount":0,"publisher":{"@id":"https:\/\/latambouilledebouille.com\/#\/schema\/person\/60a785d85a273d47d213dd39e49799d2"},"image":{"@id":"https:\/\/latambouilledebouille.com\/index.php\/2017\/08\/04\/balade-a-st-malo-et-au-cap-frehel\/#primaryimage"},"thumbnailUrl":"https:\/\/latambouilledebouille.com\/wp-content\/uploads\/2017\/08\/116897412-1.jpg","keywords":["balade en bretagne","bonnes adresses","bretagne","cap fr\u00e9hel","choucroute de la mer","en balade","kids friendly","\u00f4 de mer","restaurant","st malo"],"articleSection":["bonnes adresses"],"inLanguage":"fr-FR","potentialAction":[{"@type":"CommentAction","name":"Comment","target":["https:\/\/latambouilledebouille.com\/index.php\/2017\/08\/04\/balade-a-st-malo-et-au-cap-frehel\/#respond"]}]},{"@type":"WebPage","@id":"https:\/\/latambouilledebouille.com\/index.php\/2017\/08\/04\/balade-a-st-malo-et-au-cap-frehel\/","url":"https:\/\/latambouilledebouille.com\/index.php\/2017\/08\/04\/balade-a-st-malo-et-au-cap-frehel\/","name":"Balade \u00e0 St Malo et au Cap Fr\u00e9hel - La tambouille de Bouille","isPartOf":{"@id":"https:\/\/latambouilledebouille.com\/#website"},"primaryImageOfPage":{"@id":"https:\/\/latambouilledebouille.com\/index.php\/2017\/08\/04\/balade-a-st-malo-et-au-cap-frehel\/#primaryimage"},"image":{"@id":"https:\/\/latambouilledebouille.com\/index.php\/2017\/08\/04\/balade-a-st-malo-et-au-cap-frehel\/#primaryimage"},"thumbnailUrl":"https:\/\/latambouilledebouille.com\/wp-content\/uploads\/2017\/08\/116897412-1.jpg","datePublished":"2017-08-04T05:48:00+00:00","dateModified":"2017-08-04T05:48:00+00:00","breadcrumb":{"@id":"https:\/\/latambouilledebouille.com\/index.php\/2017\/08\/04\/balade-a-st-malo-et-au-cap-frehel\/#breadcrumb"},"inLanguage":"fr-FR","potentialAction":[{"@type":"ReadAction","target":["https:\/\/latambouilledebouille.com\/index.php\/2017\/08\/04\/balade-a-st-malo-et-au-cap-frehel\/"]}]},{"@type":"ImageObject","inLanguage":"fr-FR","@id":"https:\/\/latambouilledebouille.com\/index.php\/2017\/08\/04\/balade-a-st-malo-et-au-cap-frehel\/#primaryimage","url":"https:\/\/i0.wp.com\/latambouilledebouille.com\/wp-content\/uploads\/2017\/08\/116897412-1.jpg?fit=800%2C562&ssl=1","contentUrl":"https:\/\/i0.wp.com\/latambouilledebouille.com\/wp-content\/uploads\/2017\/08\/116897412-1.jpg?fit=800%2C562&ssl=1","width":800,"height":562},{"@type":"BreadcrumbList","@id":"https:\/\/latambouilledebouille.com\/index.php\/2017\/08\/04\/balade-a-st-malo-et-au-cap-frehel\/#breadcrumb","itemListElement":[{"@type":"ListItem","position":1,"name":"Accueil","item":"https:\/\/latambouilledebouille.com\/"},{"@type":"ListItem","position":2,"name":"Balade \u00e0 St Malo et au Cap Fr\u00e9hel"}]},{"@type":"WebSite","@id":"https:\/\/latambouilledebouille.com\/#website","url":"https:\/\/latambouilledebouille.com\/","name":"La tambouille de Bouille","description":"De la gourmandise sucr\u00e9e, sal\u00e9e, avec une pinc\u00e9e de fantaisie","publisher":{"@id":"https:\/\/latambouilledebouille.com\/#\/schema\/person\/60a785d85a273d47d213dd39e49799d2"},"potentialAction":[{"@type":"SearchAction","target":{"@type":"EntryPoint","urlTemplate":"https:\/\/latambouilledebouille.com\/?s={search_term_string}"},"query-input":{"@type":"PropertyValueSpecification","valueRequired":true,"valueName":"search_term_string"}}],"inLanguage":"fr-FR"},{"@type":["Person","Organization"],"@id":"https:\/\/latambouilledebouille.com\/#\/schema\/person\/60a785d85a273d47d213dd39e49799d2","name":"BouilledeGum","image":{"@type":"ImageObject","inLanguage":"fr-FR","@id":"https:\/\/latambouilledebouille.com\/#\/schema\/person\/image\/","url":"https:\/\/secure.gravatar.com\/avatar\/2b559a9357377a79331e346651242fa8?s=96&d=mm&r=g","contentUrl":"https:\/\/secure.gravatar.com\/avatar\/2b559a9357377a79331e346651242fa8?s=96&d=mm&r=g","caption":"BouilledeGum"},"logo":{"@id":"https:\/\/latambouilledebouille.com\/#\/schema\/person\/image\/"},"sameAs":["https:\/\/latambouilledebouille.com"],"url":"https:\/\/latambouilledebouille.com\/index.php\/author\/bouilledegum\/"}]}},"jetpack_featured_media_url":"","jetpack_sharing_enabled":true,"_links":{"self":[{"href":"https:\/\/latambouilledebouille.com\/index.php\/wp-json\/wp\/v2\/posts\/658","targetHints":{"allow":["GET"]}}],"collection":[{"href":"https:\/\/latambouilledebouille.com\/index.php\/wp-json\/wp\/v2\/posts"}],"about":[{"href":"https:\/\/latambouilledebouille.com\/index.php\/wp-json\/wp\/v2\/types\/post"}],"author":[{"embeddable":true,"href":"https:\/\/latambouilledebouille.com\/index.php\/wp-json\/wp\/v2\/users\/2"}],"replies":[{"embeddable":true,"href":"https:\/\/latambouilledebouille.com\/index.php\/wp-json\/wp\/v2\/comments?post=658"}],"version-history":[{"count":0,"href":"https:\/\/latambouilledebouille.com\/index.php\/wp-json\/wp\/v2\/posts\/658\/revisions"}],"wp:attachment":[{"href":"https:\/\/latambouilledebouille.com\/index.php\/wp-json\/wp\/v2\/media?parent=658"}],"wp:term":[{"taxonomy":"category","embeddable":true,"href":"https:\/\/latambouilledebouille.com\/index.php\/wp-json\/wp\/v2\/categories?post=658"},{"taxonomy":"post_tag","embeddable":true,"href":"https:\/\/latambouilledebouille.com\/index.php\/wp-json\/wp\/v2\/tags?post=658"}],"curies":[{"name":"wp","href":"https:\/\/api.w.org\/{rel}","templated":true}]}}