{"id":5598,"date":"2020-12-04T17:32:01","date_gmt":"2020-12-04T16:32:01","guid":{"rendered":"https:\/\/latambouilledebouille.com\/?p=5598"},"modified":"2020-12-04T17:41:15","modified_gmt":"2020-12-04T16:41:15","slug":"sables-noel-aux-epices","status":"publish","type":"post","link":"https:\/\/latambouilledebouille.com\/index.php\/2020\/12\/04\/sables-noel-aux-epices\/","title":{"rendered":"Sabl\u00e9s No\u00ebl aux \u00e9pices"},"content":{"rendered":"<p>Bonjour bonjour!<br>Aujourd&#8217;hui, une recette pour se mettre dans l&#8217;ambiance de No\u00ebl! Des <strong>sabl\u00e9s No\u00ebl aux \u00e9pices<\/strong>!<br>Pourquoi pas les r\u00e9aliser en famille pour une bonne dose de rigolade et gourmandise!<br>Des instants de complicit\u00e9s si pr\u00e9cieux, c&#8217;est l&#8217;id\u00e9al non?<br>Ils seront parfaits pour vous donner l&#8217;\u00e9nergie n\u00e9cessaire pour d\u00e9corer le sapin ou emballer les cadeaux&#8230;<\/p><p>On peut \u00e9galement faire un trou avent cuisson et les suspendre au sapin!<\/p><p>Faites vous plaisir!<\/p><figure class=\"wp-block-image size-large is-resized\"><img data-recalc-dims=\"1\" fetchpriority=\"high\" decoding=\"async\" src=\"https:\/\/i0.wp.com\/latambouilledebouille.com\/wp-content\/uploads\/2020\/12\/gouter-sables-noel-epices-587x1024.jpg?resize=759%2C1324&#038;ssl=1\" alt=\"\" class=\"wp-image-5586\" width=\"759\" height=\"1324\" srcset=\"https:\/\/i0.wp.com\/latambouilledebouille.com\/wp-content\/uploads\/2020\/12\/gouter-sables-noel-epices.jpg?resize=587%2C1024&amp;ssl=1 587w, https:\/\/i0.wp.com\/latambouilledebouille.com\/wp-content\/uploads\/2020\/12\/gouter-sables-noel-epices.jpg?resize=172%2C300&amp;ssl=1 172w, https:\/\/i0.wp.com\/latambouilledebouille.com\/wp-content\/uploads\/2020\/12\/gouter-sables-noel-epices.jpg?resize=768%2C1340&amp;ssl=1 768w, https:\/\/i0.wp.com\/latambouilledebouille.com\/wp-content\/uploads\/2020\/12\/gouter-sables-noel-epices.jpg?resize=881%2C1536&amp;ssl=1 881w, https:\/\/i0.wp.com\/latambouilledebouille.com\/wp-content\/uploads\/2020\/12\/gouter-sables-noel-epices.jpg?resize=1174%2C2048&amp;ssl=1 1174w, https:\/\/i0.wp.com\/latambouilledebouille.com\/wp-content\/uploads\/2020\/12\/gouter-sables-noel-epices.jpg?resize=1147%2C2000&amp;ssl=1 1147w, https:\/\/i0.wp.com\/latambouilledebouille.com\/wp-content\/uploads\/2020\/12\/gouter-sables-noel-epices.jpg?resize=600%2C1047&amp;ssl=1 600w, https:\/\/i0.wp.com\/latambouilledebouille.com\/wp-content\/uploads\/2020\/12\/gouter-sables-noel-epices.jpg?w=1240&amp;ssl=1 1240w\" sizes=\"(max-width: 759px) 100vw, 759px\" \/><figcaption>Saupoudrer de sucre glace, c&#8217;est si bon!<\/figcaption><\/figure><h2 class=\"wp-block-heading\">Pour se r\u00e9galer en famille<\/h2><p>Si vous aimez ces sabl\u00e9s No\u00ebl aux \u00e9pices, je vous conseille aussi ces quelques recettes!<br>Les <strong><a href=\"https:\/\/latambouilledebouille.com\/index.php\/2015\/10\/16\/sprits-maison-pour-petits-et-grands-enfants\/\" target=\"_blank\" rel=\"noreferrer noopener\">sprits maison<\/a><\/strong>, toujours un succ\u00e9s ici, tellement la classe de r\u00e9pondre \u00e0 &#8220;tu les a achet\u00e9 o\u00f9?&#8221; de r\u00e9pondre 3non non c&#8217;est moi qui les ai fait&#8221;.<br>Une recette pour petits et grands une fois encore!<\/p><p>Vous pouvez refaire \u00e9galement les <strong><a href=\"https:\/\/latambouilledebouille.com\/index.php\/2020\/11\/28\/petits-biscuits-facon-amaretti\/\" target=\"_blank\" rel=\"noreferrer noopener\">biscuits fa\u00e7on Amaretti<\/a><\/strong>, les <strong><a href=\"https:\/\/latambouilledebouille.com\/index.php\/2020\/04\/22\/sables-fourres-chocolat-mickey\/\" target=\"_blank\" rel=\"noreferrer noopener\">sabl\u00e9s fourr\u00e9s au chocolat<\/a><\/strong> ou encore un <strong><a href=\"https:\/\/latambouilledebouille.com\/index.php\/2020\/04\/10\/gateau-roule-et-son-glacage-chocolat-facon-cyril-lignac\/\" target=\"_blank\" rel=\"noreferrer noopener\">g\u00e2teau roul\u00e9<\/a><\/strong>.<\/p><p>De quoi vous r\u00e9galer pour les prochains mercredi, week-end ou vacances (oui oui dans 2 semaines nos petits monstres euh non pardon, anges, sont en vacances&#8230; Ah Ah Ah).<\/p><figure class=\"wp-block-image size-large is-resized\"><img data-recalc-dims=\"1\" decoding=\"async\" src=\"https:\/\/i0.wp.com\/latambouilledebouille.com\/wp-content\/uploads\/2020\/12\/sables-noel-apres-cuisson.jpg?resize=759%2C1495&#038;ssl=1\" alt=\"\" class=\"wp-image-5592\" width=\"759\" height=\"1495\" srcset=\"https:\/\/i0.wp.com\/latambouilledebouille.com\/wp-content\/uploads\/2020\/12\/sables-noel-apres-cuisson.jpg?resize=520%2C1024&amp;ssl=1 520w, https:\/\/i0.wp.com\/latambouilledebouille.com\/wp-content\/uploads\/2020\/12\/sables-noel-apres-cuisson.jpg?resize=152%2C300&amp;ssl=1 152w, https:\/\/i0.wp.com\/latambouilledebouille.com\/wp-content\/uploads\/2020\/12\/sables-noel-apres-cuisson.jpg?resize=768%2C1513&amp;ssl=1 768w, https:\/\/i0.wp.com\/latambouilledebouille.com\/wp-content\/uploads\/2020\/12\/sables-noel-apres-cuisson.jpg?resize=780%2C1536&amp;ssl=1 780w, https:\/\/i0.wp.com\/latambouilledebouille.com\/wp-content\/uploads\/2020\/12\/sables-noel-apres-cuisson.jpg?resize=1040%2C2048&amp;ssl=1 1040w, https:\/\/i0.wp.com\/latambouilledebouille.com\/wp-content\/uploads\/2020\/12\/sables-noel-apres-cuisson.jpg?resize=1015%2C2000&amp;ssl=1 1015w, https:\/\/i0.wp.com\/latambouilledebouille.com\/wp-content\/uploads\/2020\/12\/sables-noel-apres-cuisson.jpg?resize=600%2C1182&amp;ssl=1 600w, https:\/\/i0.wp.com\/latambouilledebouille.com\/wp-content\/uploads\/2020\/12\/sables-noel-apres-cuisson.jpg?w=1240&amp;ssl=1 1240w\" sizes=\"(max-width: 759px) 100vw, 759px\" \/><figcaption>A la sortie du four.<\/figcaption><\/figure><h2 class=\"wp-block-heading\">L&#8217;ambiance de No\u00ebl<\/h2><p>Je dois vous faire une confession, j&#8217;adore No\u00ebl, d&#8217;un amour presque excessif&#8230;<br>J&#8217;ai toujours aim\u00e9 cette p\u00e9riode, le sapin, les cadeaux, l&#8217;envie de faire plaisir, les repas de famille&#8230;<\/p><p>L&#8217;ann\u00e9e derni\u00e8re vous le savez j&#8217;ai pass\u00e9 No\u00ebl ) l&#8217;h\u00f4pital, c&#8217;\u00e9tait l&#8217;un des pires No\u00ebl de ma vie&#8230;<br>Sinc\u00e8rement! Et je ne parle pas que des repas d&#8217;h\u00f4pitaux &#8230; mon sapin m&#8217;a manqu\u00e9, mes enfants, l&#8217;odeur du bon repas, les rires, la joie&#8230;<br>Les cris du matin de No\u00ebl&#8230;<br>Ch\u00e9ri me faisait des vid\u00e9os mais j&#8217;avais le c\u0153ur serr\u00e9.<\/p><p>Alors cette ann\u00e9e, le mood de No\u00ebl a \u00e9t\u00e9 lanc\u00e9 tr\u00e8s t\u00f4t&#8230; Mi Novembre! C&#8217;est m\u00eame Ch\u00e9ri qui m&#8217;a propos\u00e9 de faire le sapin c&#8217;est pour dire&#8230;<\/p><figure class=\"wp-block-image size-large is-resized\"><img data-recalc-dims=\"1\" decoding=\"async\" src=\"https:\/\/i0.wp.com\/latambouilledebouille.com\/wp-content\/uploads\/2020\/12\/decoupe-sables-noel.jpg?resize=758%2C1427&#038;ssl=1\" alt=\"\" class=\"wp-image-5585\" width=\"758\" height=\"1427\" srcset=\"https:\/\/i0.wp.com\/latambouilledebouille.com\/wp-content\/uploads\/2020\/12\/decoupe-sables-noel.jpg?resize=544%2C1024&amp;ssl=1 544w, https:\/\/i0.wp.com\/latambouilledebouille.com\/wp-content\/uploads\/2020\/12\/decoupe-sables-noel.jpg?resize=159%2C300&amp;ssl=1 159w, https:\/\/i0.wp.com\/latambouilledebouille.com\/wp-content\/uploads\/2020\/12\/decoupe-sables-noel.jpg?resize=768%2C1445&amp;ssl=1 768w, https:\/\/i0.wp.com\/latambouilledebouille.com\/wp-content\/uploads\/2020\/12\/decoupe-sables-noel.jpg?resize=816%2C1536&amp;ssl=1 816w, https:\/\/i0.wp.com\/latambouilledebouille.com\/wp-content\/uploads\/2020\/12\/decoupe-sables-noel.jpg?resize=1089%2C2048&amp;ssl=1 1089w, https:\/\/i0.wp.com\/latambouilledebouille.com\/wp-content\/uploads\/2020\/12\/decoupe-sables-noel.jpg?resize=1063%2C2000&amp;ssl=1 1063w, https:\/\/i0.wp.com\/latambouilledebouille.com\/wp-content\/uploads\/2020\/12\/decoupe-sables-noel.jpg?resize=600%2C1129&amp;ssl=1 600w, https:\/\/i0.wp.com\/latambouilledebouille.com\/wp-content\/uploads\/2020\/12\/decoupe-sables-noel.jpg?w=1240&amp;ssl=1 1240w\" sizes=\"(max-width: 758px) 100vw, 758px\" \/><figcaption>Cuisiner en famille, le bonheur! Leurs petites mains me font craquer!<\/figcaption><\/figure><p>Rien de mieux que la d\u00e9licieuse odeur des sabl\u00e9s de No\u00ebl avec un bon th\u00e9 ou chocolat devant un film de No\u00ebl&#8230; le bonheur!<\/p><p>D&#8217;ailleurs vous aimez les films de No\u00ebl? J&#8217;ai ador\u00e9 <strong><a href=\"https:\/\/www.netflix.com\/fr\/title\/81037871\" target=\"_blank\" rel=\"noreferrer noopener\">Dash &amp; Lily sur Netflix<\/a><\/strong> mais aussi <strong><a href=\"https:\/\/www.disneyplus.com\/fr-fr\/movies\/noelle\/1NOwi3epkH6X\" target=\"_blank\" rel=\"noreferrer noopener\">No\u00eblle<\/a><\/strong> et <strong>Marraine ou presque<\/strong> sur<a href=\"https:\/\/www.disneyplus.com\/fr-fr\/\" target=\"_blank\" rel=\"noreferrer noopener\"> Disney+<\/a>. Des titres a me conseiller?<\/p><p>Revenons \u00e0 nos sabl\u00e9s No\u00ebl aux \u00e9pices&#8230;<\/p><figure class=\"wp-block-image size-large\"><img data-recalc-dims=\"1\" loading=\"lazy\" decoding=\"async\" width=\"1024\" height=\"619\" src=\"https:\/\/i0.wp.com\/latambouilledebouille.com\/wp-content\/uploads\/2020\/12\/kit-patisserie-enfant-ma-spatule.jpg?resize=1024%2C619&#038;ssl=1\" alt=\"\" class=\"wp-image-5587\" srcset=\"https:\/\/i0.wp.com\/latambouilledebouille.com\/wp-content\/uploads\/2020\/12\/kit-patisserie-enfant-ma-spatule.jpg?resize=1024%2C619&amp;ssl=1 1024w, https:\/\/i0.wp.com\/latambouilledebouille.com\/wp-content\/uploads\/2020\/12\/kit-patisserie-enfant-ma-spatule.jpg?resize=300%2C181&amp;ssl=1 300w, https:\/\/i0.wp.com\/latambouilledebouille.com\/wp-content\/uploads\/2020\/12\/kit-patisserie-enfant-ma-spatule.jpg?resize=768%2C464&amp;ssl=1 768w, https:\/\/i0.wp.com\/latambouilledebouille.com\/wp-content\/uploads\/2020\/12\/kit-patisserie-enfant-ma-spatule.jpg?resize=600%2C362&amp;ssl=1 600w, https:\/\/i0.wp.com\/latambouilledebouille.com\/wp-content\/uploads\/2020\/12\/kit-patisserie-enfant-ma-spatule.jpg?w=1240&amp;ssl=1 1240w\" sizes=\"(max-width: 1024px) 100vw, 1024px\" \/><figcaption>Le joli <a href=\"http:\/\/Le joli kit Ma Spatule avec 3 emporte-pi\u00e8ces, une cuill\u00e8re en bois, un rouleau \u00e0 p\u00e2tisserie en bois et un joli tablier.\" target=\"_blank\" rel=\"noreferrer noopener\">kit Ma Spatule<\/a> avec 3 emporte-pi\u00e8ces, une cuill\u00e8re en bois, un rouleau \u00e0 p\u00e2tisserie en bois et un joli tablier.<\/figcaption><\/figure><p>Avec les enfants nous avons utilis\u00e9 le <strong><a href=\"https:\/\/www.maspatule.com\/kit-patisserie\/12258-coffret-patisserie-noel-enfant-patisse.html\" target=\"_blank\" rel=\"noreferrer noopener\">kit patisserie pour enfants de Ma Spatule<\/a><\/strong>.<br>Il est super chou et bien fait!<br>Les enfants adorent (c&#8217;\u00e9tait un peu la guerre pour le tablier Ah Ah Ah)<\/p><p>J&#8217;arr\u00eate de blablater, place \u00e0 la recette!<\/p><p><\/p><p><\/p><p><\/p><p><\/p><p><\/p><p><\/p><p><\/p><p><\/p><p><\/p><div class=\"wp-block-image\"><figure class=\"alignleft size-full is-resized\"><img data-recalc-dims=\"1\" loading=\"lazy\" decoding=\"async\" src=\"https:\/\/i0.wp.com\/latambouilledebouille.com\/wp-content\/uploads\/2018\/08\/107066663-1-e1535221862210.jpg?resize=308%2C205&#038;ssl=1\" alt=\"\" class=\"wp-image-10\" width=\"308\" height=\"205\"\/><figcaption><strong><a href=\"https:\/\/instagram.com\/bouilledegum\/\" target=\"_blank\" rel=\"noreferrer noopener\">INSTAGRAM <\/a><\/strong>* <strong><a href=\"https:\/\/www.pinterest.com\/bouilledegum\/\" target=\"_blank\" rel=\"noreferrer noopener\">PINTEREST<\/a><\/strong> * <strong><a href=\"https:\/\/www.facebook.com\/LaTambouilleDeBouille?ref=hl\" target=\"_blank\" rel=\"noreferrer noopener\">FACEBOOK<\/a><\/strong> * <strong><a href=\"https:\/\/twitter.com\/BouilledeGum\" target=\"_blank\" rel=\"noreferrer noopener\">TWITTER<\/a><\/strong><\/figcaption><\/figure><\/div><div class=\"wp-block-image\"><figure class=\"alignleft size-full is-resized\"><img data-recalc-dims=\"1\" loading=\"lazy\" decoding=\"async\" src=\"https:\/\/i0.wp.com\/latambouilledebouille.com\/wp-content\/uploads\/2018\/08\/107066663-1-e1535221862210.jpg?resize=308%2C205&#038;ssl=1\" alt=\"\" class=\"wp-image-10\" width=\"308\" height=\"205\"\/><figcaption><strong><a href=\"https:\/\/instagram.com\/bouilledegum\/\" target=\"_blank\" rel=\"noreferrer noopener\">INSTAGRAM <\/a><\/strong>* <strong><a href=\"https:\/\/www.pinterest.com\/bouilledegum\/\" target=\"_blank\" rel=\"noreferrer noopener\">PINTEREST<\/a><\/strong> * <strong><a href=\"https:\/\/www.facebook.com\/LaTambouilleDeBouille?ref=hl\" target=\"_blank\" rel=\"noreferrer noopener\">FACEBOOK<\/a><\/strong> * <strong><a href=\"https:\/\/twitter.com\/BouilledeGum\" target=\"_blank\" rel=\"noreferrer noopener\">TWITTER<\/a><\/strong><\/figcaption><\/figure><\/div><p><strong>* Kit offert par Ma Spatule*<\/strong><\/p><p><\/p>","protected":false},"excerpt":{"rendered":"<p>Recette de sabl\u00e9s de No\u00ebl aux \u00e9pices, une super id\u00e9e d&#8217;activit\u00e9 familiale pour les vacances de No\u00ebl! Rires et gourmandises au programme!<\/p>\n","protected":false},"author":2,"featured_media":5595,"comment_status":"open","ping_status":"open","sticky":false,"template":"","format":"standard","meta":{"_acf_changed":false,"sfsi_plus_gutenberg_text_before_share":"","sfsi_plus_gutenberg_show_text_before_share":"","sfsi_plus_gutenberg_icon_type":"","sfsi_plus_gutenberg_icon_alignemt":"","sfsi_plus_gutenburg_max_per_row":"","_jetpack_memberships_contains_paid_content":false,"footnotes":""},"categories":[1004,1633],"tags":[1564,17,985,388,594,757,798,1998],"class_list":["post-5598","post","type-post","status-publish","format-standard","has-post-thumbnail","hentry","category-douceur-sucree","category-fetes","tag-activite-avec-les-enfants","tag-activite-kids","tag-epices","tag-fetes","tag-noel","tag-recette","tag-sables","tag-sables-de-noel"],"acf":[],"yoast_head":"<!-- This site is optimized with the Yoast SEO Premium plugin v24.0 (Yoast SEO v24.0) - https:\/\/yoast.com\/wordpress\/plugins\/seo\/ -->\n<title>Sabl\u00e9s No\u00ebl aux \u00e9pices - La tambouille de Bouille<\/title>\n<meta name=\"description\" content=\"Recette de sabl\u00e9s de No\u00ebl aux \u00e9pices, une super id\u00e9e d&#039;activit\u00e9 familiale pour les vacances de No\u00ebl! Rires et gourmandises au programme!\" \/>\n<meta name=\"robots\" content=\"index, follow, max-snippet:-1, max-image-preview:large, max-video-preview:-1\" \/>\n<link rel=\"canonical\" href=\"https:\/\/latambouilledebouille.com\/index.php\/2020\/12\/04\/sables-noel-aux-epices\/\" \/>\n<meta property=\"og:locale\" content=\"fr_FR\" \/>\n<meta property=\"og:type\" content=\"article\" \/>\n<meta property=\"og:title\" content=\"Sabl\u00e9s No\u00ebl aux \u00e9pices\" \/>\n<meta property=\"og:description\" content=\"Recette de sabl\u00e9s de No\u00ebl aux \u00e9pices, une super id\u00e9e d&#039;activit\u00e9 familiale pour les vacances de No\u00ebl! Rires et gourmandises au programme!\" \/>\n<meta property=\"og:url\" content=\"https:\/\/latambouilledebouille.com\/index.php\/2020\/12\/04\/sables-noel-aux-epices\/\" \/>\n<meta property=\"og:site_name\" content=\"La tambouille de Bouille\" \/>\n<meta property=\"article:published_time\" content=\"2020-12-04T16:32:01+00:00\" \/>\n<meta property=\"article:modified_time\" content=\"2020-12-04T16:41:15+00:00\" \/>\n<meta property=\"og:image\" content=\"https:\/\/i0.wp.com\/latambouilledebouille.com\/wp-content\/uploads\/2020\/12\/sables-noel-epices.jpg?fit=1240%2C742&ssl=1\" \/>\n\t<meta property=\"og:image:width\" content=\"1240\" \/>\n\t<meta property=\"og:image:height\" content=\"742\" \/>\n\t<meta property=\"og:image:type\" content=\"image\/jpeg\" \/>\n<meta name=\"author\" content=\"BouilledeGum\" \/>\n<meta name=\"twitter:card\" content=\"summary_large_image\" \/>\n<meta name=\"twitter:label1\" content=\"\u00c9crit par\" \/>\n\t<meta name=\"twitter:data1\" content=\"BouilledeGum\" \/>\n\t<meta name=\"twitter:label2\" content=\"Dur\u00e9e de lecture estim\u00e9e\" \/>\n\t<meta name=\"twitter:data2\" content=\"2 minutes\" \/>\n<script type=\"application\/ld+json\" class=\"yoast-schema-graph\">{\"@context\":\"https:\/\/schema.org\",\"@graph\":[{\"@type\":\"Article\",\"@id\":\"https:\/\/latambouilledebouille.com\/index.php\/2020\/12\/04\/sables-noel-aux-epices\/#article\",\"isPartOf\":{\"@id\":\"https:\/\/latambouilledebouille.com\/index.php\/2020\/12\/04\/sables-noel-aux-epices\/\"},\"author\":{\"name\":\"BouilledeGum\",\"@id\":\"https:\/\/latambouilledebouille.com\/#\/schema\/person\/60a785d85a273d47d213dd39e49799d2\"},\"headline\":\"Sabl\u00e9s No\u00ebl aux \u00e9pices\",\"datePublished\":\"2020-12-04T16:32:01+00:00\",\"dateModified\":\"2020-12-04T16:41:15+00:00\",\"mainEntityOfPage\":{\"@id\":\"https:\/\/latambouilledebouille.com\/index.php\/2020\/12\/04\/sables-noel-aux-epices\/\"},\"wordCount\":500,\"commentCount\":1,\"publisher\":{\"@id\":\"https:\/\/latambouilledebouille.com\/#\/schema\/person\/60a785d85a273d47d213dd39e49799d2\"},\"image\":{\"@id\":\"https:\/\/latambouilledebouille.com\/index.php\/2020\/12\/04\/sables-noel-aux-epices\/#primaryimage\"},\"thumbnailUrl\":\"https:\/\/i0.wp.com\/latambouilledebouille.com\/wp-content\/uploads\/2020\/12\/sables-noel-epices.jpg?fit=1240%2C742&ssl=1\",\"keywords\":[\"activit\u00e9 avec les enfants\",\"activit\u00e9 kids\",\"\u00e9pices\",\"f\u00eates\",\"no\u00ebl\",\"recette\",\"sabl\u00e9s\",\"sabl\u00e9s de No\u00ebl\"],\"articleSection\":[\"douceur sucr\u00e9e\",\"F\u00eates\"],\"inLanguage\":\"fr-FR\",\"potentialAction\":[{\"@type\":\"CommentAction\",\"name\":\"Comment\",\"target\":[\"https:\/\/latambouilledebouille.com\/index.php\/2020\/12\/04\/sables-noel-aux-epices\/#respond\"]}]},{\"@type\":\"WebPage\",\"@id\":\"https:\/\/latambouilledebouille.com\/index.php\/2020\/12\/04\/sables-noel-aux-epices\/\",\"url\":\"https:\/\/latambouilledebouille.com\/index.php\/2020\/12\/04\/sables-noel-aux-epices\/\",\"name\":\"Sabl\u00e9s No\u00ebl aux \u00e9pices - La tambouille de Bouille\",\"isPartOf\":{\"@id\":\"https:\/\/latambouilledebouille.com\/#website\"},\"primaryImageOfPage\":{\"@id\":\"https:\/\/latambouilledebouille.com\/index.php\/2020\/12\/04\/sables-noel-aux-epices\/#primaryimage\"},\"image\":{\"@id\":\"https:\/\/latambouilledebouille.com\/index.php\/2020\/12\/04\/sables-noel-aux-epices\/#primaryimage\"},\"thumbnailUrl\":\"https:\/\/i0.wp.com\/latambouilledebouille.com\/wp-content\/uploads\/2020\/12\/sables-noel-epices.jpg?fit=1240%2C742&ssl=1\",\"datePublished\":\"2020-12-04T16:32:01+00:00\",\"dateModified\":\"2020-12-04T16:41:15+00:00\",\"description\":\"Recette de sabl\u00e9s de No\u00ebl aux \u00e9pices, une super id\u00e9e d'activit\u00e9 familiale pour les vacances de No\u00ebl! Rires et gourmandises au programme!\",\"breadcrumb\":{\"@id\":\"https:\/\/latambouilledebouille.com\/index.php\/2020\/12\/04\/sables-noel-aux-epices\/#breadcrumb\"},\"inLanguage\":\"fr-FR\",\"potentialAction\":[{\"@type\":\"ReadAction\",\"target\":[\"https:\/\/latambouilledebouille.com\/index.php\/2020\/12\/04\/sables-noel-aux-epices\/\"]}]},{\"@type\":\"ImageObject\",\"inLanguage\":\"fr-FR\",\"@id\":\"https:\/\/latambouilledebouille.com\/index.php\/2020\/12\/04\/sables-noel-aux-epices\/#primaryimage\",\"url\":\"https:\/\/i0.wp.com\/latambouilledebouille.com\/wp-content\/uploads\/2020\/12\/sables-noel-epices.jpg?fit=1240%2C742&ssl=1\",\"contentUrl\":\"https:\/\/i0.wp.com\/latambouilledebouille.com\/wp-content\/uploads\/2020\/12\/sables-noel-epices.jpg?fit=1240%2C742&ssl=1\",\"width\":1240,\"height\":742},{\"@type\":\"BreadcrumbList\",\"@id\":\"https:\/\/latambouilledebouille.com\/index.php\/2020\/12\/04\/sables-noel-aux-epices\/#breadcrumb\",\"itemListElement\":[{\"@type\":\"ListItem\",\"position\":1,\"name\":\"Accueil\",\"item\":\"https:\/\/latambouilledebouille.com\/\"},{\"@type\":\"ListItem\",\"position\":2,\"name\":\"Sabl\u00e9s No\u00ebl aux \u00e9pices\"}]},{\"@type\":\"WebSite\",\"@id\":\"https:\/\/latambouilledebouille.com\/#website\",\"url\":\"https:\/\/latambouilledebouille.com\/\",\"name\":\"La tambouille de Bouille\",\"description\":\"De la gourmandise sucr\u00e9e, sal\u00e9e, avec une pinc\u00e9e de fantaisie\",\"publisher\":{\"@id\":\"https:\/\/latambouilledebouille.com\/#\/schema\/person\/60a785d85a273d47d213dd39e49799d2\"},\"potentialAction\":[{\"@type\":\"SearchAction\",\"target\":{\"@type\":\"EntryPoint\",\"urlTemplate\":\"https:\/\/latambouilledebouille.com\/?s={search_term_string}\"},\"query-input\":{\"@type\":\"PropertyValueSpecification\",\"valueRequired\":true,\"valueName\":\"search_term_string\"}}],\"inLanguage\":\"fr-FR\"},{\"@type\":[\"Person\",\"Organization\"],\"@id\":\"https:\/\/latambouilledebouille.com\/#\/schema\/person\/60a785d85a273d47d213dd39e49799d2\",\"name\":\"BouilledeGum\",\"image\":{\"@type\":\"ImageObject\",\"inLanguage\":\"fr-FR\",\"@id\":\"https:\/\/latambouilledebouille.com\/#\/schema\/person\/image\/\",\"url\":\"https:\/\/secure.gravatar.com\/avatar\/2b559a9357377a79331e346651242fa8?s=96&d=mm&r=g\",\"contentUrl\":\"https:\/\/secure.gravatar.com\/avatar\/2b559a9357377a79331e346651242fa8?s=96&d=mm&r=g\",\"caption\":\"BouilledeGum\"},\"logo\":{\"@id\":\"https:\/\/latambouilledebouille.com\/#\/schema\/person\/image\/\"},\"sameAs\":[\"https:\/\/latambouilledebouille.com\"],\"url\":\"https:\/\/latambouilledebouille.com\/index.php\/author\/bouilledegum\/\"}]}<\/script>\n<!-- \/ Yoast SEO Premium plugin. -->","yoast_head_json":{"title":"Sabl\u00e9s No\u00ebl aux \u00e9pices - La tambouille de Bouille","description":"Recette de sabl\u00e9s de No\u00ebl aux \u00e9pices, une super id\u00e9e d'activit\u00e9 familiale pour les vacances de No\u00ebl! Rires et gourmandises au programme!","robots":{"index":"index","follow":"follow","max-snippet":"max-snippet:-1","max-image-preview":"max-image-preview:large","max-video-preview":"max-video-preview:-1"},"canonical":"https:\/\/latambouilledebouille.com\/index.php\/2020\/12\/04\/sables-noel-aux-epices\/","og_locale":"fr_FR","og_type":"article","og_title":"Sabl\u00e9s No\u00ebl aux \u00e9pices","og_description":"Recette de sabl\u00e9s de No\u00ebl aux \u00e9pices, une super id\u00e9e d'activit\u00e9 familiale pour les vacances de No\u00ebl! Rires et gourmandises au programme!","og_url":"https:\/\/latambouilledebouille.com\/index.php\/2020\/12\/04\/sables-noel-aux-epices\/","og_site_name":"La tambouille de Bouille","article_published_time":"2020-12-04T16:32:01+00:00","article_modified_time":"2020-12-04T16:41:15+00:00","og_image":[{"width":1240,"height":742,"url":"https:\/\/i0.wp.com\/latambouilledebouille.com\/wp-content\/uploads\/2020\/12\/sables-noel-epices.jpg?fit=1240%2C742&ssl=1","type":"image\/jpeg"}],"author":"BouilledeGum","twitter_card":"summary_large_image","twitter_misc":{"\u00c9crit par":"BouilledeGum","Dur\u00e9e de lecture estim\u00e9e":"2 minutes"},"schema":{"@context":"https:\/\/schema.org","@graph":[{"@type":"Article","@id":"https:\/\/latambouilledebouille.com\/index.php\/2020\/12\/04\/sables-noel-aux-epices\/#article","isPartOf":{"@id":"https:\/\/latambouilledebouille.com\/index.php\/2020\/12\/04\/sables-noel-aux-epices\/"},"author":{"name":"BouilledeGum","@id":"https:\/\/latambouilledebouille.com\/#\/schema\/person\/60a785d85a273d47d213dd39e49799d2"},"headline":"Sabl\u00e9s No\u00ebl aux \u00e9pices","datePublished":"2020-12-04T16:32:01+00:00","dateModified":"2020-12-04T16:41:15+00:00","mainEntityOfPage":{"@id":"https:\/\/latambouilledebouille.com\/index.php\/2020\/12\/04\/sables-noel-aux-epices\/"},"wordCount":500,"commentCount":1,"publisher":{"@id":"https:\/\/latambouilledebouille.com\/#\/schema\/person\/60a785d85a273d47d213dd39e49799d2"},"image":{"@id":"https:\/\/latambouilledebouille.com\/index.php\/2020\/12\/04\/sables-noel-aux-epices\/#primaryimage"},"thumbnailUrl":"https:\/\/i0.wp.com\/latambouilledebouille.com\/wp-content\/uploads\/2020\/12\/sables-noel-epices.jpg?fit=1240%2C742&ssl=1","keywords":["activit\u00e9 avec les enfants","activit\u00e9 kids","\u00e9pices","f\u00eates","no\u00ebl","recette","sabl\u00e9s","sabl\u00e9s de No\u00ebl"],"articleSection":["douceur sucr\u00e9e","F\u00eates"],"inLanguage":"fr-FR","potentialAction":[{"@type":"CommentAction","name":"Comment","target":["https:\/\/latambouilledebouille.com\/index.php\/2020\/12\/04\/sables-noel-aux-epices\/#respond"]}]},{"@type":"WebPage","@id":"https:\/\/latambouilledebouille.com\/index.php\/2020\/12\/04\/sables-noel-aux-epices\/","url":"https:\/\/latambouilledebouille.com\/index.php\/2020\/12\/04\/sables-noel-aux-epices\/","name":"Sabl\u00e9s No\u00ebl aux \u00e9pices - La tambouille de Bouille","isPartOf":{"@id":"https:\/\/latambouilledebouille.com\/#website"},"primaryImageOfPage":{"@id":"https:\/\/latambouilledebouille.com\/index.php\/2020\/12\/04\/sables-noel-aux-epices\/#primaryimage"},"image":{"@id":"https:\/\/latambouilledebouille.com\/index.php\/2020\/12\/04\/sables-noel-aux-epices\/#primaryimage"},"thumbnailUrl":"https:\/\/i0.wp.com\/latambouilledebouille.com\/wp-content\/uploads\/2020\/12\/sables-noel-epices.jpg?fit=1240%2C742&ssl=1","datePublished":"2020-12-04T16:32:01+00:00","dateModified":"2020-12-04T16:41:15+00:00","description":"Recette de sabl\u00e9s de No\u00ebl aux \u00e9pices, une super id\u00e9e d'activit\u00e9 familiale pour les vacances de No\u00ebl! Rires et gourmandises au programme!","breadcrumb":{"@id":"https:\/\/latambouilledebouille.com\/index.php\/2020\/12\/04\/sables-noel-aux-epices\/#breadcrumb"},"inLanguage":"fr-FR","potentialAction":[{"@type":"ReadAction","target":["https:\/\/latambouilledebouille.com\/index.php\/2020\/12\/04\/sables-noel-aux-epices\/"]}]},{"@type":"ImageObject","inLanguage":"fr-FR","@id":"https:\/\/latambouilledebouille.com\/index.php\/2020\/12\/04\/sables-noel-aux-epices\/#primaryimage","url":"https:\/\/i0.wp.com\/latambouilledebouille.com\/wp-content\/uploads\/2020\/12\/sables-noel-epices.jpg?fit=1240%2C742&ssl=1","contentUrl":"https:\/\/i0.wp.com\/latambouilledebouille.com\/wp-content\/uploads\/2020\/12\/sables-noel-epices.jpg?fit=1240%2C742&ssl=1","width":1240,"height":742},{"@type":"BreadcrumbList","@id":"https:\/\/latambouilledebouille.com\/index.php\/2020\/12\/04\/sables-noel-aux-epices\/#breadcrumb","itemListElement":[{"@type":"ListItem","position":1,"name":"Accueil","item":"https:\/\/latambouilledebouille.com\/"},{"@type":"ListItem","position":2,"name":"Sabl\u00e9s No\u00ebl aux \u00e9pices"}]},{"@type":"WebSite","@id":"https:\/\/latambouilledebouille.com\/#website","url":"https:\/\/latambouilledebouille.com\/","name":"La tambouille de Bouille","description":"De la gourmandise sucr\u00e9e, sal\u00e9e, avec une pinc\u00e9e de fantaisie","publisher":{"@id":"https:\/\/latambouilledebouille.com\/#\/schema\/person\/60a785d85a273d47d213dd39e49799d2"},"potentialAction":[{"@type":"SearchAction","target":{"@type":"EntryPoint","urlTemplate":"https:\/\/latambouilledebouille.com\/?s={search_term_string}"},"query-input":{"@type":"PropertyValueSpecification","valueRequired":true,"valueName":"search_term_string"}}],"inLanguage":"fr-FR"},{"@type":["Person","Organization"],"@id":"https:\/\/latambouilledebouille.com\/#\/schema\/person\/60a785d85a273d47d213dd39e49799d2","name":"BouilledeGum","image":{"@type":"ImageObject","inLanguage":"fr-FR","@id":"https:\/\/latambouilledebouille.com\/#\/schema\/person\/image\/","url":"https:\/\/secure.gravatar.com\/avatar\/2b559a9357377a79331e346651242fa8?s=96&d=mm&r=g","contentUrl":"https:\/\/secure.gravatar.com\/avatar\/2b559a9357377a79331e346651242fa8?s=96&d=mm&r=g","caption":"BouilledeGum"},"logo":{"@id":"https:\/\/latambouilledebouille.com\/#\/schema\/person\/image\/"},"sameAs":["https:\/\/latambouilledebouille.com"],"url":"https:\/\/latambouilledebouille.com\/index.php\/author\/bouilledegum\/"}]}},"jetpack_featured_media_url":"https:\/\/i0.wp.com\/latambouilledebouille.com\/wp-content\/uploads\/2020\/12\/sables-noel-epices.jpg?fit=1240%2C742&ssl=1","jetpack_sharing_enabled":true,"_links":{"self":[{"href":"https:\/\/latambouilledebouille.com\/index.php\/wp-json\/wp\/v2\/posts\/5598","targetHints":{"allow":["GET"]}}],"collection":[{"href":"https:\/\/latambouilledebouille.com\/index.php\/wp-json\/wp\/v2\/posts"}],"about":[{"href":"https:\/\/latambouilledebouille.com\/index.php\/wp-json\/wp\/v2\/types\/post"}],"author":[{"embeddable":true,"href":"https:\/\/latambouilledebouille.com\/index.php\/wp-json\/wp\/v2\/users\/2"}],"replies":[{"embeddable":true,"href":"https:\/\/latambouilledebouille.com\/index.php\/wp-json\/wp\/v2\/comments?post=5598"}],"version-history":[{"count":3,"href":"https:\/\/latambouilledebouille.com\/index.php\/wp-json\/wp\/v2\/posts\/5598\/revisions"}],"predecessor-version":[{"id":5601,"href":"https:\/\/latambouilledebouille.com\/index.php\/wp-json\/wp\/v2\/posts\/5598\/revisions\/5601"}],"wp:featuredmedia":[{"embeddable":true,"href":"https:\/\/latambouilledebouille.com\/index.php\/wp-json\/wp\/v2\/media\/5595"}],"wp:attachment":[{"href":"https:\/\/latambouilledebouille.com\/index.php\/wp-json\/wp\/v2\/media?parent=5598"}],"wp:term":[{"taxonomy":"category","embeddable":true,"href":"https:\/\/latambouilledebouille.com\/index.php\/wp-json\/wp\/v2\/categories?post=5598"},{"taxonomy":"post_tag","embeddable":true,"href":"https:\/\/latambouilledebouille.com\/index.php\/wp-json\/wp\/v2\/tags?post=5598"}],"curies":[{"name":"wp","href":"https:\/\/api.w.org\/{rel}","templated":true}]}}