{"id":2789,"date":"2018-09-14T09:47:48","date_gmt":"2018-09-14T07:47:48","guid":{"rendered":"https:\/\/latambouilledebouille.com\/?p=2789"},"modified":"2018-09-14T09:58:39","modified_gmt":"2018-09-14T07:58:39","slug":"tarte-aux-poireaux-by-feeling-food","status":"publish","type":"post","link":"https:\/\/latambouilledebouille.com\/index.php\/2018\/09\/14\/tarte-aux-poireaux-by-feeling-food\/","title":{"rendered":"Tarte aux poireaux by Feeling Food"},"content":{"rendered":"<p>Bonjour bonjour!<\/p>\n<p>Aujourd&#8217;hui une recette toute simple mais d\u00e9licieuse, la <strong>tarte aux poireaux by Feeling Food<\/strong>.<\/p>\n<p><img data-recalc-dims=\"1\" fetchpriority=\"high\" decoding=\"async\" class=\"aligncenter wp-image-2791 size-large\" src=\"https:\/\/i0.wp.com\/latambouilledebouille.com\/wp-content\/uploads\/2018\/09\/programme-feeling-food-recette-tarte-poireaux.jpg?resize=840%2C559&#038;ssl=1\" alt=\"\" width=\"840\" height=\"559\" srcset=\"https:\/\/i0.wp.com\/latambouilledebouille.com\/wp-content\/uploads\/2018\/09\/programme-feeling-food-recette-tarte-poireaux.jpg?resize=1024%2C681&amp;ssl=1 1024w, https:\/\/i0.wp.com\/latambouilledebouille.com\/wp-content\/uploads\/2018\/09\/programme-feeling-food-recette-tarte-poireaux.jpg?resize=300%2C200&amp;ssl=1 300w, https:\/\/i0.wp.com\/latambouilledebouille.com\/wp-content\/uploads\/2018\/09\/programme-feeling-food-recette-tarte-poireaux.jpg?resize=768%2C510&amp;ssl=1 768w, https:\/\/i0.wp.com\/latambouilledebouille.com\/wp-content\/uploads\/2018\/09\/programme-feeling-food-recette-tarte-poireaux.jpg?resize=600%2C399&amp;ssl=1 600w, https:\/\/i0.wp.com\/latambouilledebouille.com\/wp-content\/uploads\/2018\/09\/programme-feeling-food-recette-tarte-poireaux.jpg?w=1181&amp;ssl=1 1181w\" sizes=\"(max-width: 840px) 100vw, 840px\" \/><\/p>\n<p>Aline de la team <a href=\"https:\/\/www.feelingfood.fr\/\"><strong>Feeling Food<\/strong><\/a> m&#8217;a propos\u00e9 de tester, j&#8217;ai dit oui car j&#8217;aimerai revoir mon alimentation au mieux. J&#8217;ai un petit soucis de quantit\u00e9 voyez vous \ud83d\ude09 D&#8217;ailleurs merci Aline de me faire confiance \ud83d\ude09<\/p>\n<p><strong><a href=\"https:\/\/www.feelingfood.fr\/index.php#page-top\">Feeling Food<\/a><\/strong> c&#8217;est qui? C&#8217;est quoi?<\/p>\n<p><strong>Feeling Food<\/strong> c&#8217;est un coaching alimentaire avec une s\u00e9rie de 14 programmes diff\u00e9rents, que se soit pour du simple r\u00e9-\u00e9quilibrage alimentaire ou un objectif perte de poids.<\/p>\n<p>Fond\u00e9s par Aline et Maurianne qui sont de Montpellier.<\/p>\n<p>Il y a diff\u00e9rents programmes pour pouvoir coller au mieux \u00e0 votre fa\u00e7on d&#8217;\u00eatre\/de vivre et je trouve \u00e7a g\u00e9nial! On peut m\u00eame &#8220;mixer&#8221; des programmes (selon vos objectifs et vos rendez vous avec la di\u00e9t\u00e9ticienne)<\/p>\n<p>Par exemple dans mon cas, je suis dans le programme &#8220;Semi v\u00e9g\u00e9tarien&#8221; car mon alimentation est plus souvent v\u00e9g\u00e9tarienne.<\/p>\n<p>&nbsp;<\/p>\n<p>Il y a un r\u00e9el suivi puisque vous avez des rendez vous t\u00e9l\u00e9phoniques avec Maurianne, la di\u00e9t\u00e9ticienne de la team <strong>Feeling Food<\/strong>. Enorme point positif sur ce sujet d&#8217;ailleurs car vous n&#8217;avez qu&#8217;un seul interlocuteur sur le sujet! Maurianne connait son sujet (c&#8217;est son m\u00e9tier forc\u00e9ment), mais elle vous connait VOUS! En adaptant en fonction de vous, vos go\u00fbts, votre fa\u00e7on de vivre etc&#8230;<\/p>\n<p>Vous avez une s\u00e9rie de menus propre \u00e0 votre programme, vous pouvez d\u00e9cider de faire vos propres repas.<\/p>\n<p>Dans ce programme, pas de culpabilisation, et c&#8217;est tant mieux!<\/p>\n<p>Si vous avez besoin d&#8217;aide il y aura toujours une personne de la team qui vous r\u00e9pondra!<\/p>\n<p>Un programme sans culpabiliser, fait pour vous, un \u00e9tat d&#8217;esprit positif plut\u00f4t que restrictif forc\u00e9ment on dit oui!<\/p>\n<p>Bref, j&#8217;ai commenc\u00e9 la semaine derni\u00e8re et je vous ferais des petits retours r\u00e9guliers sur le sujet \ud83d\ude09<br \/>\nMais pas trop non plus rassurez vous, c&#8217;est juste que le sujet me tient \u00e0 coeur. Essayez de vivre mieux, en harmonie avec soi m\u00eame est un objectif pour moi et je compte bien y arriver.<\/p>\n<p>Pour le moment je suis encore dans la phase t\u00e2tonnement, je me familiarise avec les quantit\u00e9s, l&#8217;\u00e9quilibre des repas etc&#8230; mais depuis que je suis dans le programme semi-v\u00e9g\u00e9tarien \u00e7a va beaucoup mieux! Comme quoi le changement est en place. Je pr\u00e9cise que je mange encore de la viande mais la majorit\u00e9 de mes repas sont v\u00e9g\u00e9tariens&#8230; Je me sens mieux dans mon corps et dans ma t\u00eate en fonctionnant ainsi. M\u00eame Ch\u00e9ri s&#8217;y met, et quand il go\u00fbte des produits v\u00e9g\u00e9tariens il est \u00e9tonn\u00e9 par la saveurs&#8230;<br \/>\nEt oui, v\u00e9g\u00e9tariens c&#8217;est savoureux! Je ne force personne \u00e0 me suivre rassurez vous, et vous retrouverez des recettes \u00e0 base de viande rassurez vous \ud83d\ude09 Bref revenons au sujet \ud83d\ude09<\/p>\n<p>Je dois me remettre au sport \u00e9galement mais je marche d\u00e9j\u00e0 pas mal chaque jour se sera donc des petits rendez-vous juste pour moi et c&#8217;est plut\u00f4t cool.<\/p>\n<p>Bien, pour la recette, il s&#8217;agit d&#8217;une des propositions de menu que j&#8217;avais cette semaine, j&#8217;avais des poireaux dans mon frigo c&#8217;\u00e9tait donc parfait.<\/p>\n<p>Je me suis juste tromp\u00e9e car en prenant un paquet derri\u00e8re au supermarch\u00e9 j&#8217;ai pris une p\u00e2te feuillet\u00e9e alors que c&#8217;\u00e9tait une p\u00e2te bris\u00e9e mais bon, selon Maurianne il n&#8217;y a pas de soucis \ud83d\ude09 Z\u00e9ro culpabilisation on vous dit! D&#8217;ailleurs si vous vous autorisez un craquage un jour, pas de &#8220;je ferais attention demain&#8221; non, vous continuez votre programme tout simplement sans compenser pour \u00e9viter \u00e0 votre corps de stocker a chaque exc\u00e8s en pr\u00e9vention de la privation derri\u00e8re&#8230; Et oui!<\/p>\n<p>Bref revenons \u00e0 la recette du jour!<\/p>\n<p>Cette tarte aux poireaux \u00e9tait d\u00e9licieuse, on en a mang\u00e9 plusieurs fois. (passion restes \u00e0 la maison comme vous avez pu le voir avec <strong><a href=\"https:\/\/latambouilledebouille.com\/index.php\/2018\/09\/04\/curry-vegetarien-epinards-petits-pois-et-courgettes-et-cake-sale-avec-les-restes\/\">mon curry v\u00e9g\u00e9tarien et son cake avec les restes<\/a><\/strong>)<\/p>\n<p>Et si vous cherchez d&#8217;autres recettes \u00e0 base de poireaux, je vous invite \u00e0 revoir le <a href=\"https:\/\/latambouilledebouille.com\/index.php\/2017\/04\/04\/parmentier-de-poisson-poireaux-et-pommes-de-terre\/\"><strong>parmentier de poisson, pommes de terre et poireaux<\/strong><\/a>, la <a href=\"https:\/\/latambouilledebouille.com\/index.php\/2013\/02\/11\/fondue-de-poireaux-de-bouille\/\"><strong>fondue de poireaux<\/strong><\/a>, les <a href=\"https:\/\/latambouilledebouille.com\/index.php\/2016\/02\/07\/tartelettes-fines-poireaux-st-jacques\/\"><strong>tartelettes fines poireaux et St Jacques<\/strong><\/a> ou encore <a href=\"https:\/\/latambouilledebouille.com\/index.php\/2015\/10\/27\/soupe-panais-poireaux-et-pommes-de-terre-avec-ses-batonnets-de-comte\/\"><strong>la soupe poireaux, panais et Comt\u00e9<\/strong><\/a>.<\/p>\n<p>On y va?<\/p>\n<p><img data-recalc-dims=\"1\" decoding=\"async\" class=\"aligncenter wp-image-2792 size-large\" src=\"https:\/\/i0.wp.com\/latambouilledebouille.com\/wp-content\/uploads\/2018\/09\/tarte-poireaux-feeling-food.jpg?resize=840%2C588&#038;ssl=1\" alt=\"\" width=\"840\" height=\"588\" srcset=\"https:\/\/i0.wp.com\/latambouilledebouille.com\/wp-content\/uploads\/2018\/09\/tarte-poireaux-feeling-food.jpg?resize=1024%2C717&amp;ssl=1 1024w, https:\/\/i0.wp.com\/latambouilledebouille.com\/wp-content\/uploads\/2018\/09\/tarte-poireaux-feeling-food.jpg?resize=300%2C210&amp;ssl=1 300w, https:\/\/i0.wp.com\/latambouilledebouille.com\/wp-content\/uploads\/2018\/09\/tarte-poireaux-feeling-food.jpg?resize=768%2C538&amp;ssl=1 768w, https:\/\/i0.wp.com\/latambouilledebouille.com\/wp-content\/uploads\/2018\/09\/tarte-poireaux-feeling-food.jpg?resize=600%2C420&amp;ssl=1 600w, https:\/\/i0.wp.com\/latambouilledebouille.com\/wp-content\/uploads\/2018\/09\/tarte-poireaux-feeling-food.jpg?w=1181&amp;ssl=1 1181w\" sizes=\"(max-width: 840px) 100vw, 840px\" \/><\/p>\n<p>INGREDIENTS:<\/p>\n<ul>\n<li>1 p\u00e2te bris\u00e9e (vous l&#8217;avez compris je me suis tromp\u00e9e et je me suis retrouv\u00e9e avec une p\u00e2te feuillet\u00e9e)<\/li>\n<li>4\/5 poireaux (1kg environ)<\/li>\n<li>2\u00a0\u00e9chalotes\u00a0(ce n&#8217;\u00e9tait pas dans la recette d&#8217;origine mais j&#8217;adore en ajouter)<\/li>\n<li>10g de farine<\/li>\n<li>50cl de lait demi-\u00e9cr\u00e9m\u00e9<\/li>\n<li>sel<\/li>\n<li>poivre<\/li>\n<li>muscade<\/li>\n<li>30g de beurre<\/li>\n<\/ul>\n<p>Pr\u00e9chauffer votre four \u00e0 180\u00b0.<\/p>\n<p>Disposer la p\u00e2te dans votre moule, piquer le fond avec une fourchette et mettre au frais le temps de faire la pr\u00e9paration. (personnellement j&#8217;aime pr\u00e9-cuire ma p\u00e2te en passant le fond de tarte 10\/15 minutes au four)<\/p>\n<p>Laver bien les poireaux, vous pouvez couper le vert pour vous en servir en bouquet garni ou saut\u00e9 ou dans une soupe&#8230; (on peut m\u00eame le conserver au cong\u00e9lo pour une prochaine soupe justement, ainsi, pas de gaspillage inutile! Vous savez comme cela me tient \u00e0 coeur!)<\/p>\n<p>Emincer finement les poireaux, les faire revenir dans le beurre.<\/p>\n<p>Eplucher les\u00a0\u00e9chalotes, les \u00e9mincer finement et les ajouter dans les poireaux.<\/p>\n<p>Laisser cuire jusqu&#8217;\u00e0 ce que les poireaux soient bien bien ramollis et l\u00e9g\u00e8rement translucides, attention qu&#8217;ils ne colorent pas!<\/p>\n<p>Saupoudrer les poireaux avec la farine et m\u00e9langer pour bien r\u00e9partir.<br \/>\nAjouter alors le lait petit \u00e0 petit, vous verrez c&#8217;est magique, \u00e7a \u00e9paissit (logique me direz vous&#8230;)<\/p>\n<p>Laisser mijoter 5 minutes, saler, poivrer et ajouter de la muscade.<\/p>\n<p>Disposer sur votre fond de tarte et enfourner 20 minutes \u00e0 180\u00b0 puis 15 minutes \u00e0 150\u00b0 (j&#8217;avoue en fin de cuisson j&#8217;ai mis un coup de boost au four pour que la tarte colore un peu, pour la gourmandise visuelle on va dire!)<\/p>\n<p>Et voil\u00e0, a servir avec une belle salade ou un petit bol de soupe de l\u00e9gumes se sera parfait! Et vous pourrez emporter les restes le lendemain dans votre box repas pour le midi au boulot ou en resservir le lendemain soir \ud83d\ude09<\/p>\n<p>Ici on adore ce style de repas, et vous? Vous aimeriez d&#8217;autres id\u00e9es repas de ce genre?<\/p>\n<p>D\u00eetes moi tout en commentaire \ud83d\ude09<\/p>\n<p>A bient\u00f4t \ud83d\ude09<\/p>\n<p>La semaine prochaine je vous parlerai de notre repas de 8 ans \ud83d\ude09 D&#8217;ailleurs, si vous ne voulez rien manquer, n&#8217;oublier pas de vous inscrire \u00e0 la newsletter, dans la colonne de droite \ud83d\ude09<\/p>\n<p>&nbsp;<\/p>\n<pre><strong><span style=\"color: #993366;\"><a href=\"https:\/\/www.facebook.com\/LaTambouilleDeBouille?ref=hl\" target=\"_blank\" rel=\"noopener\">FACEBOOK<\/a>\u00a0*\u00a0<a href=\"https:\/\/instagram.com\/bouilledegum\/\" target=\"_blank\" rel=\"noopener\">INSTAGRAM<\/a>\u00a0*\u00a0<a href=\"https:\/\/twitter.com\/BouilledeGum\" target=\"_blank\" rel=\"noopener\">TWITTER<\/a>\u00a0*\u00a0<a href=\"http:\/\/www.hellocoton.fr\/mapage\/tambouilledebouille\" target=\"_blank\" rel=\"noopener\">HELLOCOTON<\/a>\u00a0*\u00a0<a href=\"http:\/\/www.inspilia.fr\/membre\/latambouilledebouille\" target=\"_blank\" rel=\"noopener\">INSPILIA<\/a>\u00a0*\u00a0<a href=\"https:\/\/www.pinterest.com\/bouilledegum\/\" target=\"_blank\" rel=\"noopener\">PINTEREST<\/a> <img data-recalc-dims=\"1\" decoding=\"async\" class=\"wp-image-2740 size-thumbnail alignright\" src=\"https:\/\/i0.wp.com\/latambouilledebouille.com\/wp-content\/uploads\/2018\/08\/logo-wordpress2.jpg?resize=150%2C150&#038;ssl=1\" alt=\"\" width=\"150\" height=\"150\" \/><\/span><\/strong><\/pre>\n<p>&nbsp;<\/p>\n","protected":false},"excerpt":{"rendered":"<p>Bonjour bonjour! Aujourd&#8217;hui une recette toute simple mais d\u00e9licieuse, la tarte aux poireaux by Feeling Food. Aline de la team Feeling Food m&#8217;a propos\u00e9 de tester, j&#8217;ai dit oui car j&#8217;aimerai revoir mon alimentation au mieux. J&#8217;ai un petit soucis de quantit\u00e9 voyez vous \ud83d\ude09 D&#8217;ailleurs merci Aline de me faire confiance \ud83d\ude09 Feeling Food [&hellip;]<\/p>\n","protected":false},"author":2,"featured_media":0,"comment_status":"open","ping_status":"open","sticky":false,"template":"","format":"standard","meta":{"_acf_changed":false,"sfsi_plus_gutenberg_text_before_share":"","sfsi_plus_gutenberg_show_text_before_share":"","sfsi_plus_gutenberg_icon_type":"","sfsi_plus_gutenberg_icon_alignemt":"","sfsi_plus_gutenburg_max_per_row":"","_jetpack_memberships_contains_paid_content":false,"footnotes":""},"categories":[1021],"tags":[329,1546,698,753,1547,1548,832,890,893],"class_list":["post-2789","post","type-post","status-publish","format-standard","hentry","category-tarte-salee-quiche","tag-facile","tag-feeling-food","tag-poireaux","tag-rapide","tag-re-equilibrage","tag-semi-vegetarien","tag-simple","tag-tarte","tag-tarte-salee"],"acf":[],"yoast_head":"<!-- This site is optimized with the Yoast SEO Premium plugin v24.0 (Yoast SEO v24.0) - https:\/\/yoast.com\/wordpress\/plugins\/seo\/ -->\n<title>Tarte aux poireaux by Feeling Food - La tambouille de Bouille<\/title>\n<meta name=\"robots\" content=\"index, follow, max-snippet:-1, max-image-preview:large, max-video-preview:-1\" \/>\n<link rel=\"canonical\" href=\"https:\/\/latambouilledebouille.com\/index.php\/2018\/09\/14\/tarte-aux-poireaux-by-feeling-food\/\" \/>\n<meta property=\"og:locale\" content=\"fr_FR\" \/>\n<meta property=\"og:type\" content=\"article\" \/>\n<meta property=\"og:title\" content=\"Tarte aux poireaux by Feeling Food\" \/>\n<meta property=\"og:description\" content=\"Bonjour bonjour! Aujourd&#8217;hui une recette toute simple mais d\u00e9licieuse, la tarte aux poireaux by Feeling Food. Aline de la team Feeling Food m&#8217;a propos\u00e9 de tester, j&#8217;ai dit oui car j&#8217;aimerai revoir mon alimentation au mieux. J&#8217;ai un petit soucis de quantit\u00e9 voyez vous \ud83d\ude09 D&#8217;ailleurs merci Aline de me faire confiance \ud83d\ude09 Feeling Food [&hellip;]\" \/>\n<meta property=\"og:url\" content=\"https:\/\/latambouilledebouille.com\/index.php\/2018\/09\/14\/tarte-aux-poireaux-by-feeling-food\/\" \/>\n<meta property=\"og:site_name\" content=\"La tambouille de Bouille\" \/>\n<meta property=\"article:published_time\" content=\"2018-09-14T07:47:48+00:00\" \/>\n<meta property=\"article:modified_time\" content=\"2018-09-14T07:58:39+00:00\" \/>\n<meta property=\"og:image\" content=\"https:\/\/latambouilledebouille.com\/wp-content\/uploads\/2018\/09\/programme-feeling-food-recette-tarte-poireaux-1024x681.jpg\" \/>\n<meta name=\"author\" content=\"BouilledeGum\" \/>\n<meta name=\"twitter:card\" content=\"summary_large_image\" \/>\n<meta name=\"twitter:label1\" content=\"\u00c9crit par\" \/>\n\t<meta name=\"twitter:data1\" content=\"BouilledeGum\" \/>\n\t<meta name=\"twitter:label2\" content=\"Dur\u00e9e de lecture estim\u00e9e\" \/>\n\t<meta name=\"twitter:data2\" content=\"5 minutes\" \/>\n<script type=\"application\/ld+json\" class=\"yoast-schema-graph\">{\"@context\":\"https:\/\/schema.org\",\"@graph\":[{\"@type\":\"Article\",\"@id\":\"https:\/\/latambouilledebouille.com\/index.php\/2018\/09\/14\/tarte-aux-poireaux-by-feeling-food\/#article\",\"isPartOf\":{\"@id\":\"https:\/\/latambouilledebouille.com\/index.php\/2018\/09\/14\/tarte-aux-poireaux-by-feeling-food\/\"},\"author\":{\"name\":\"BouilledeGum\",\"@id\":\"https:\/\/latambouilledebouille.com\/#\/schema\/person\/60a785d85a273d47d213dd39e49799d2\"},\"headline\":\"Tarte aux poireaux by Feeling Food\",\"datePublished\":\"2018-09-14T07:47:48+00:00\",\"dateModified\":\"2018-09-14T07:58:39+00:00\",\"mainEntityOfPage\":{\"@id\":\"https:\/\/latambouilledebouille.com\/index.php\/2018\/09\/14\/tarte-aux-poireaux-by-feeling-food\/\"},\"wordCount\":1098,\"commentCount\":4,\"publisher\":{\"@id\":\"https:\/\/latambouilledebouille.com\/#\/schema\/person\/60a785d85a273d47d213dd39e49799d2\"},\"image\":{\"@id\":\"https:\/\/latambouilledebouille.com\/index.php\/2018\/09\/14\/tarte-aux-poireaux-by-feeling-food\/#primaryimage\"},\"thumbnailUrl\":\"https:\/\/latambouilledebouille.com\/wp-content\/uploads\/2018\/09\/programme-feeling-food-recette-tarte-poireaux-1024x681.jpg\",\"keywords\":[\"facile\",\"feeling food\",\"poireaux\",\"rapide\",\"r\u00e9-\u00e9quilibrage\",\"semi-v\u00e9g\u00e9tarien\",\"simple\",\"tarte\",\"tarte sal\u00e9e\"],\"articleSection\":[\"Tarte sal\u00e9e, quiche\"],\"inLanguage\":\"fr-FR\",\"potentialAction\":[{\"@type\":\"CommentAction\",\"name\":\"Comment\",\"target\":[\"https:\/\/latambouilledebouille.com\/index.php\/2018\/09\/14\/tarte-aux-poireaux-by-feeling-food\/#respond\"]}]},{\"@type\":\"WebPage\",\"@id\":\"https:\/\/latambouilledebouille.com\/index.php\/2018\/09\/14\/tarte-aux-poireaux-by-feeling-food\/\",\"url\":\"https:\/\/latambouilledebouille.com\/index.php\/2018\/09\/14\/tarte-aux-poireaux-by-feeling-food\/\",\"name\":\"Tarte aux poireaux by Feeling Food - La tambouille de Bouille\",\"isPartOf\":{\"@id\":\"https:\/\/latambouilledebouille.com\/#website\"},\"primaryImageOfPage\":{\"@id\":\"https:\/\/latambouilledebouille.com\/index.php\/2018\/09\/14\/tarte-aux-poireaux-by-feeling-food\/#primaryimage\"},\"image\":{\"@id\":\"https:\/\/latambouilledebouille.com\/index.php\/2018\/09\/14\/tarte-aux-poireaux-by-feeling-food\/#primaryimage\"},\"thumbnailUrl\":\"https:\/\/latambouilledebouille.com\/wp-content\/uploads\/2018\/09\/programme-feeling-food-recette-tarte-poireaux-1024x681.jpg\",\"datePublished\":\"2018-09-14T07:47:48+00:00\",\"dateModified\":\"2018-09-14T07:58:39+00:00\",\"breadcrumb\":{\"@id\":\"https:\/\/latambouilledebouille.com\/index.php\/2018\/09\/14\/tarte-aux-poireaux-by-feeling-food\/#breadcrumb\"},\"inLanguage\":\"fr-FR\",\"potentialAction\":[{\"@type\":\"ReadAction\",\"target\":[\"https:\/\/latambouilledebouille.com\/index.php\/2018\/09\/14\/tarte-aux-poireaux-by-feeling-food\/\"]}]},{\"@type\":\"ImageObject\",\"inLanguage\":\"fr-FR\",\"@id\":\"https:\/\/latambouilledebouille.com\/index.php\/2018\/09\/14\/tarte-aux-poireaux-by-feeling-food\/#primaryimage\",\"url\":\"https:\/\/i0.wp.com\/latambouilledebouille.com\/wp-content\/uploads\/2018\/09\/programme-feeling-food-recette-tarte-poireaux.jpg?fit=1181%2C785&ssl=1\",\"contentUrl\":\"https:\/\/i0.wp.com\/latambouilledebouille.com\/wp-content\/uploads\/2018\/09\/programme-feeling-food-recette-tarte-poireaux.jpg?fit=1181%2C785&ssl=1\",\"width\":1181,\"height\":785},{\"@type\":\"BreadcrumbList\",\"@id\":\"https:\/\/latambouilledebouille.com\/index.php\/2018\/09\/14\/tarte-aux-poireaux-by-feeling-food\/#breadcrumb\",\"itemListElement\":[{\"@type\":\"ListItem\",\"position\":1,\"name\":\"Accueil\",\"item\":\"https:\/\/latambouilledebouille.com\/\"},{\"@type\":\"ListItem\",\"position\":2,\"name\":\"Tarte aux poireaux by Feeling Food\"}]},{\"@type\":\"WebSite\",\"@id\":\"https:\/\/latambouilledebouille.com\/#website\",\"url\":\"https:\/\/latambouilledebouille.com\/\",\"name\":\"La tambouille de Bouille\",\"description\":\"De la gourmandise sucr\u00e9e, sal\u00e9e, avec une pinc\u00e9e de fantaisie\",\"publisher\":{\"@id\":\"https:\/\/latambouilledebouille.com\/#\/schema\/person\/60a785d85a273d47d213dd39e49799d2\"},\"potentialAction\":[{\"@type\":\"SearchAction\",\"target\":{\"@type\":\"EntryPoint\",\"urlTemplate\":\"https:\/\/latambouilledebouille.com\/?s={search_term_string}\"},\"query-input\":{\"@type\":\"PropertyValueSpecification\",\"valueRequired\":true,\"valueName\":\"search_term_string\"}}],\"inLanguage\":\"fr-FR\"},{\"@type\":[\"Person\",\"Organization\"],\"@id\":\"https:\/\/latambouilledebouille.com\/#\/schema\/person\/60a785d85a273d47d213dd39e49799d2\",\"name\":\"BouilledeGum\",\"image\":{\"@type\":\"ImageObject\",\"inLanguage\":\"fr-FR\",\"@id\":\"https:\/\/latambouilledebouille.com\/#\/schema\/person\/image\/\",\"url\":\"https:\/\/secure.gravatar.com\/avatar\/2b559a9357377a79331e346651242fa8?s=96&d=mm&r=g\",\"contentUrl\":\"https:\/\/secure.gravatar.com\/avatar\/2b559a9357377a79331e346651242fa8?s=96&d=mm&r=g\",\"caption\":\"BouilledeGum\"},\"logo\":{\"@id\":\"https:\/\/latambouilledebouille.com\/#\/schema\/person\/image\/\"},\"sameAs\":[\"https:\/\/latambouilledebouille.com\"],\"url\":\"https:\/\/latambouilledebouille.com\/index.php\/author\/bouilledegum\/\"}]}<\/script>\n<!-- \/ Yoast SEO Premium plugin. -->","yoast_head_json":{"title":"Tarte aux poireaux by Feeling Food - La tambouille de Bouille","robots":{"index":"index","follow":"follow","max-snippet":"max-snippet:-1","max-image-preview":"max-image-preview:large","max-video-preview":"max-video-preview:-1"},"canonical":"https:\/\/latambouilledebouille.com\/index.php\/2018\/09\/14\/tarte-aux-poireaux-by-feeling-food\/","og_locale":"fr_FR","og_type":"article","og_title":"Tarte aux poireaux by Feeling Food","og_description":"Bonjour bonjour! Aujourd&#8217;hui une recette toute simple mais d\u00e9licieuse, la tarte aux poireaux by Feeling Food. Aline de la team Feeling Food m&#8217;a propos\u00e9 de tester, j&#8217;ai dit oui car j&#8217;aimerai revoir mon alimentation au mieux. J&#8217;ai un petit soucis de quantit\u00e9 voyez vous \ud83d\ude09 D&#8217;ailleurs merci Aline de me faire confiance \ud83d\ude09 Feeling Food [&hellip;]","og_url":"https:\/\/latambouilledebouille.com\/index.php\/2018\/09\/14\/tarte-aux-poireaux-by-feeling-food\/","og_site_name":"La tambouille de Bouille","article_published_time":"2018-09-14T07:47:48+00:00","article_modified_time":"2018-09-14T07:58:39+00:00","og_image":[{"url":"https:\/\/latambouilledebouille.com\/wp-content\/uploads\/2018\/09\/programme-feeling-food-recette-tarte-poireaux-1024x681.jpg","type":"","width":"","height":""}],"author":"BouilledeGum","twitter_card":"summary_large_image","twitter_misc":{"\u00c9crit par":"BouilledeGum","Dur\u00e9e de lecture estim\u00e9e":"5 minutes"},"schema":{"@context":"https:\/\/schema.org","@graph":[{"@type":"Article","@id":"https:\/\/latambouilledebouille.com\/index.php\/2018\/09\/14\/tarte-aux-poireaux-by-feeling-food\/#article","isPartOf":{"@id":"https:\/\/latambouilledebouille.com\/index.php\/2018\/09\/14\/tarte-aux-poireaux-by-feeling-food\/"},"author":{"name":"BouilledeGum","@id":"https:\/\/latambouilledebouille.com\/#\/schema\/person\/60a785d85a273d47d213dd39e49799d2"},"headline":"Tarte aux poireaux by Feeling Food","datePublished":"2018-09-14T07:47:48+00:00","dateModified":"2018-09-14T07:58:39+00:00","mainEntityOfPage":{"@id":"https:\/\/latambouilledebouille.com\/index.php\/2018\/09\/14\/tarte-aux-poireaux-by-feeling-food\/"},"wordCount":1098,"commentCount":4,"publisher":{"@id":"https:\/\/latambouilledebouille.com\/#\/schema\/person\/60a785d85a273d47d213dd39e49799d2"},"image":{"@id":"https:\/\/latambouilledebouille.com\/index.php\/2018\/09\/14\/tarte-aux-poireaux-by-feeling-food\/#primaryimage"},"thumbnailUrl":"https:\/\/latambouilledebouille.com\/wp-content\/uploads\/2018\/09\/programme-feeling-food-recette-tarte-poireaux-1024x681.jpg","keywords":["facile","feeling food","poireaux","rapide","r\u00e9-\u00e9quilibrage","semi-v\u00e9g\u00e9tarien","simple","tarte","tarte sal\u00e9e"],"articleSection":["Tarte sal\u00e9e, quiche"],"inLanguage":"fr-FR","potentialAction":[{"@type":"CommentAction","name":"Comment","target":["https:\/\/latambouilledebouille.com\/index.php\/2018\/09\/14\/tarte-aux-poireaux-by-feeling-food\/#respond"]}]},{"@type":"WebPage","@id":"https:\/\/latambouilledebouille.com\/index.php\/2018\/09\/14\/tarte-aux-poireaux-by-feeling-food\/","url":"https:\/\/latambouilledebouille.com\/index.php\/2018\/09\/14\/tarte-aux-poireaux-by-feeling-food\/","name":"Tarte aux poireaux by Feeling Food - La tambouille de Bouille","isPartOf":{"@id":"https:\/\/latambouilledebouille.com\/#website"},"primaryImageOfPage":{"@id":"https:\/\/latambouilledebouille.com\/index.php\/2018\/09\/14\/tarte-aux-poireaux-by-feeling-food\/#primaryimage"},"image":{"@id":"https:\/\/latambouilledebouille.com\/index.php\/2018\/09\/14\/tarte-aux-poireaux-by-feeling-food\/#primaryimage"},"thumbnailUrl":"https:\/\/latambouilledebouille.com\/wp-content\/uploads\/2018\/09\/programme-feeling-food-recette-tarte-poireaux-1024x681.jpg","datePublished":"2018-09-14T07:47:48+00:00","dateModified":"2018-09-14T07:58:39+00:00","breadcrumb":{"@id":"https:\/\/latambouilledebouille.com\/index.php\/2018\/09\/14\/tarte-aux-poireaux-by-feeling-food\/#breadcrumb"},"inLanguage":"fr-FR","potentialAction":[{"@type":"ReadAction","target":["https:\/\/latambouilledebouille.com\/index.php\/2018\/09\/14\/tarte-aux-poireaux-by-feeling-food\/"]}]},{"@type":"ImageObject","inLanguage":"fr-FR","@id":"https:\/\/latambouilledebouille.com\/index.php\/2018\/09\/14\/tarte-aux-poireaux-by-feeling-food\/#primaryimage","url":"https:\/\/i0.wp.com\/latambouilledebouille.com\/wp-content\/uploads\/2018\/09\/programme-feeling-food-recette-tarte-poireaux.jpg?fit=1181%2C785&ssl=1","contentUrl":"https:\/\/i0.wp.com\/latambouilledebouille.com\/wp-content\/uploads\/2018\/09\/programme-feeling-food-recette-tarte-poireaux.jpg?fit=1181%2C785&ssl=1","width":1181,"height":785},{"@type":"BreadcrumbList","@id":"https:\/\/latambouilledebouille.com\/index.php\/2018\/09\/14\/tarte-aux-poireaux-by-feeling-food\/#breadcrumb","itemListElement":[{"@type":"ListItem","position":1,"name":"Accueil","item":"https:\/\/latambouilledebouille.com\/"},{"@type":"ListItem","position":2,"name":"Tarte aux poireaux by Feeling Food"}]},{"@type":"WebSite","@id":"https:\/\/latambouilledebouille.com\/#website","url":"https:\/\/latambouilledebouille.com\/","name":"La tambouille de Bouille","description":"De la gourmandise sucr\u00e9e, sal\u00e9e, avec une pinc\u00e9e de fantaisie","publisher":{"@id":"https:\/\/latambouilledebouille.com\/#\/schema\/person\/60a785d85a273d47d213dd39e49799d2"},"potentialAction":[{"@type":"SearchAction","target":{"@type":"EntryPoint","urlTemplate":"https:\/\/latambouilledebouille.com\/?s={search_term_string}"},"query-input":{"@type":"PropertyValueSpecification","valueRequired":true,"valueName":"search_term_string"}}],"inLanguage":"fr-FR"},{"@type":["Person","Organization"],"@id":"https:\/\/latambouilledebouille.com\/#\/schema\/person\/60a785d85a273d47d213dd39e49799d2","name":"BouilledeGum","image":{"@type":"ImageObject","inLanguage":"fr-FR","@id":"https:\/\/latambouilledebouille.com\/#\/schema\/person\/image\/","url":"https:\/\/secure.gravatar.com\/avatar\/2b559a9357377a79331e346651242fa8?s=96&d=mm&r=g","contentUrl":"https:\/\/secure.gravatar.com\/avatar\/2b559a9357377a79331e346651242fa8?s=96&d=mm&r=g","caption":"BouilledeGum"},"logo":{"@id":"https:\/\/latambouilledebouille.com\/#\/schema\/person\/image\/"},"sameAs":["https:\/\/latambouilledebouille.com"],"url":"https:\/\/latambouilledebouille.com\/index.php\/author\/bouilledegum\/"}]}},"jetpack_featured_media_url":"","jetpack_sharing_enabled":true,"_links":{"self":[{"href":"https:\/\/latambouilledebouille.com\/index.php\/wp-json\/wp\/v2\/posts\/2789","targetHints":{"allow":["GET"]}}],"collection":[{"href":"https:\/\/latambouilledebouille.com\/index.php\/wp-json\/wp\/v2\/posts"}],"about":[{"href":"https:\/\/latambouilledebouille.com\/index.php\/wp-json\/wp\/v2\/types\/post"}],"author":[{"embeddable":true,"href":"https:\/\/latambouilledebouille.com\/index.php\/wp-json\/wp\/v2\/users\/2"}],"replies":[{"embeddable":true,"href":"https:\/\/latambouilledebouille.com\/index.php\/wp-json\/wp\/v2\/comments?post=2789"}],"version-history":[{"count":0,"href":"https:\/\/latambouilledebouille.com\/index.php\/wp-json\/wp\/v2\/posts\/2789\/revisions"}],"wp:attachment":[{"href":"https:\/\/latambouilledebouille.com\/index.php\/wp-json\/wp\/v2\/media?parent=2789"}],"wp:term":[{"taxonomy":"category","embeddable":true,"href":"https:\/\/latambouilledebouille.com\/index.php\/wp-json\/wp\/v2\/categories?post=2789"},{"taxonomy":"post_tag","embeddable":true,"href":"https:\/\/latambouilledebouille.com\/index.php\/wp-json\/wp\/v2\/tags?post=2789"}],"curies":[{"name":"wp","href":"https:\/\/api.w.org\/{rel}","templated":true}]}}