{"id":2294,"date":"2013-06-06T20:14:00","date_gmt":"2013-06-06T18:14:00","guid":{"rendered":"https:\/\/latambouilledebouille.com\/index.php\/2013\/06\/06\/les-petits-farcis-de-bouille-du-soleil-dans-votre-assiette\/"},"modified":"2020-04-15T14:46:10","modified_gmt":"2020-04-15T12:46:10","slug":"les-petits-farcis-de-bouille-du-soleil-dans-votre-assiette","status":"publish","type":"post","link":"https:\/\/latambouilledebouille.com\/index.php\/2013\/06\/06\/les-petits-farcis-de-bouille-du-soleil-dans-votre-assiette\/","title":{"rendered":"Les petits farcis de Bouille, du soleil dans votre assiette !"},"content":{"rendered":"<div>\n<div class=\"articlebody\" itemprop=\"articleBody\">\n<p style=\"text-align: center;\"><span style=\"font-size: 12pt;\">Bonjour bonjour,<\/span><\/p>\n<p style=\"text-align: center;\"><span style=\"font-size: 12pt;\">Aujourd&#8217;hui on va parler de l&eacute;gumes farcis, un des plats que je pr&eacute;f&egrave;re! Enfin non, pour &ecirc;tre exacte j&#8217;ai commenc&eacute; &agrave; manger des poivrons ou des courgettes tout simplement car je n&#8217;appr&eacute;cie pas les tomates farcis! Les tomates cuites je trouve &ccedil;a trop mou, trop pas bon&#8230; (ou alors je n&#8217;ai jamais mang&eacute; de super tomates!), bref une fois j&#8217;en ai fait dans des poivrons et j&#8217;ai ador&eacute;!!<\/span><\/p>\n<p style=\"text-align: center;\"><span style=\"font-size: 12pt;\">J&#8217;aime beaucoup cette recette, &ccedil;a me donne un effet soleil dans mon assiette, le go&ucirc;t est vraiment d&eacute;licieux&#8230; Bref, c&#8217;est un v&eacute;ritable bonheur!&nbsp;<\/span><\/p>\n<p style=\"text-align: center;\"><span style=\"font-size: 12pt;\">Pour cette recette j&#8217;ai utilis&eacute; un m&eacute;lange d&#8217;&eacute;pice Farigoulo re&ccedil;u dans la GASTRONOMIZ de Mars, c&#8217;est un vrai bonheur, &ccedil;a parfume d&eacute;licieusement la viande avec la lavande, franchement je suis fan, je suis bien d&eacute;sol&eacute;e de ne plus en avoir!!!&nbsp;<\/span><\/p>\n<p style=\"text-align: center;\"><span style=\"font-size: 12pt;\">&nbsp;<\/span><\/p>\n<p><img data-recalc-dims=\"1\" fetchpriority=\"high\" decoding=\"async\" style=\"display: block; margin-left: auto; margin-right: auto;\" src=\"https:\/\/i0.wp.com\/latambouilledebouille.com\/wp-content\/uploads\/2013\/06\/87293144_p-1.jpg?resize=600%2C600&#038;ssl=1\" alt=\"farcispoivron3\" width=\"600\" height=\"600\" border=\"0\"><\/p>\n<p style=\"text-align: center;\"><span style=\"font-size: 12pt;\">I<span style=\"text-decoration: underline;\">NGREDIENTS:<\/span><\/span><\/p>\n<p style=\"text-align: center;\"><span style=\"font-size: 12pt;\">(pour 5 poivrons et 5 courgettes rondes)<\/span><\/p>\n<p style=\"text-align: center;\"><span style=\"font-size: 12pt;\">5 poivrons de la couleur de votre choix<\/span><\/p>\n<p style=\"text-align: center;\"><span style=\"font-size: 12pt;\">5 courgettes rondes<\/span><\/p>\n<p style=\"text-align: center;\"><span style=\"font-size: 12pt;\">1,5kg de chair &agrave; saucisses<\/span><\/p>\n<p style=\"text-align: center;\"><span style=\"font-size: 12pt;\">1 oignon rouge<\/span><\/p>\n<p style=\"text-align: center;\"><span style=\"font-size: 12pt;\">1\/2 bouquet de persil<\/span><\/p>\n<p style=\"text-align: center;\"><span style=\"font-size: 12pt;\">1 poign&eacute;e d&#8217;origan frais<\/span><\/p>\n<p style=\"text-align: center;\"><span style=\"font-size: 12pt;\">1 grosse poign&eacute;e de thym frais<\/span><\/p>\n<p style=\"text-align: center;\"><span style=\"font-size: 12pt;\">&eacute;pices Farigoulo (si vous n&#8217;en avez pas ne vous en fa&icirc;tes pas!)<\/span><\/p>\n<p style=\"text-align: center;\"><span style=\"font-size: 12pt;\">&nbsp;<\/span><\/p>\n<p><img data-recalc-dims=\"1\" decoding=\"async\" style=\"display: block; margin-left: auto; margin-right: auto;\" src=\"https:\/\/i0.wp.com\/latambouilledebouille.com\/wp-content\/uploads\/2013\/06\/87293225_p-1.jpg?resize=600%2C600&#038;ssl=1\" alt=\"farcispoivron\" width=\"600\" height=\"600\" border=\"0\"><\/p>\n<p>&nbsp;<\/p>\n<p style=\"text-align: center;\"><span style=\"font-size: 12pt;\">Pr&eacute;parer les l&eacute;gumes en coupant le chapeau et en retirant l&#8217;int&eacute;rieur de la courgette.<\/span><\/p>\n<p style=\"text-align: center;\"><span style=\"font-size: 12pt;\">Couper en petits morceaux la chair de courgette et mettre&nbsp;dans un grand r&eacute;cipient avec la chair &agrave; saucisse.<\/span><\/p>\n<p style=\"text-align: center;\"><span style=\"font-size: 12pt;\">Puis &eacute;mincer finement l&#8217;oignon rouge, l&#8217;ajouter &agrave; la chair &agrave; saucisse.<\/span><\/p>\n<p style=\"text-align: center;\"><span style=\"font-size: 12pt;\">Hacher les diff&eacute;rentes herbes et ajouter les &agrave; votre pr&eacute;paration avec les &eacute;pices Farigoulo.<\/span><\/p>\n<p style=\"text-align: center;\"><span style=\"font-size: 12pt;\">Garnir vos l&eacute;gumes et mettre au four th&deg;7 pour 40 minutes sans les chapeaux!<\/span><\/p>\n<p style=\"text-align: center;\"><span style=\"font-size: 12pt;\">Sortir les l&eacute;gumes, ajouter les chapeaux et les remettre au four pour 20 &agrave; 25 minutes.<\/span><\/p>\n<p style=\"text-align: center;\"><span style=\"font-size: 12pt;\">Bon app&eacute;tit!!&nbsp;<\/span><\/p>\n<p style=\"text-align: center;\"><span style=\"font-size: 12pt;\">A bient&ocirc;t et bon week-end!!!&nbsp;<\/span><\/p>\n<p style=\"text-align: right;\"><span style=\"font-size: 12pt;\">&nbsp;<\/span><\/p>\n<p style=\"text-align: right;\"><span style=\"font-size: 12pt;\">Bouille de Gum<\/span><\/p>\n<p><img data-recalc-dims=\"1\" decoding=\"async\" style=\"float: right;\" src=\"https:\/\/i0.wp.com\/latambouilledebouille.com\/wp-content\/uploads\/2013\/06\/87293388_p-1.jpg?resize=150%2C150&#038;ssl=1\" alt=\"logoblog\" width=\"150\" height=\"150\" border=\"0\"><\/p>\n<p style=\"text-align: right;\"><span style=\"font-size: 12pt;\">&nbsp;<\/span><\/p>\n<p>&nbsp;<\/p>\n<p>&nbsp;<\/p>\n<p>&nbsp;<\/p>\n<p>&nbsp;<\/p>\n<p>&nbsp;<\/p>\n<div style=\"clear:both;\"><\/div>\n<\/div>\n<\/div>\n","protected":false},"excerpt":{"rendered":"<p>Bonjour bonjour, Aujourd&#8217;hui on va parler de l&eacute;gumes farcis, un des plats que je pr&eacute;f&egrave;re! Enfin non, pour &ecirc;tre exacte j&#8217;ai commenc&eacute; &agrave; manger des poivrons ou des courgettes tout simplement car je n&#8217;appr&eacute;cie pas les tomates farcis! Les tomates cuites je trouve &ccedil;a trop mou, trop pas bon&#8230; (ou alors je n&#8217;ai jamais mang&eacute; [&hellip;]<\/p>\n","protected":false},"author":2,"featured_media":0,"comment_status":"open","ping_status":"open","sticky":false,"template":"","format":"standard","meta":{"_acf_changed":false,"sfsi_plus_gutenberg_text_before_share":"","sfsi_plus_gutenberg_show_text_before_share":"","sfsi_plus_gutenberg_icon_type":"","sfsi_plus_gutenberg_icon_alignemt":"","sfsi_plus_gutenburg_max_per_row":"","_jetpack_memberships_contains_paid_content":false,"footnotes":""},"categories":[1017],"tags":[1422,250,329,335,339,340,342,393,691,703],"class_list":["post-2294","post","type-post","status-publish","format-standard","hentry","category-plat","tag-chair-a-saucisse","tag-courgette","tag-facile","tag-familiale","tag-farce","tag-farci","tag-farigoulo","tag-gastronomiz","tag-plat","tag-poivron"],"acf":[],"yoast_head":"<!-- This site is optimized with the Yoast SEO Premium plugin v24.0 (Yoast SEO v24.0) - https:\/\/yoast.com\/wordpress\/plugins\/seo\/ -->\n<title>Les petits farcis de Bouille, du soleil dans votre assiette ! - La tambouille de Bouille<\/title>\n<meta name=\"robots\" content=\"index, follow, max-snippet:-1, max-image-preview:large, max-video-preview:-1\" \/>\n<link rel=\"canonical\" href=\"https:\/\/latambouilledebouille.com\/index.php\/2013\/06\/06\/les-petits-farcis-de-bouille-du-soleil-dans-votre-assiette\/\" \/>\n<meta property=\"og:locale\" content=\"fr_FR\" \/>\n<meta property=\"og:type\" content=\"article\" \/>\n<meta property=\"og:title\" content=\"Les petits farcis de Bouille, du soleil dans votre assiette !\" \/>\n<meta property=\"og:description\" content=\"Bonjour bonjour, Aujourd&#8217;hui on va parler de l&eacute;gumes farcis, un des plats que je pr&eacute;f&egrave;re! Enfin non, pour &ecirc;tre exacte j&#8217;ai commenc&eacute; &agrave; manger des poivrons ou des courgettes tout simplement car je n&#8217;appr&eacute;cie pas les tomates farcis! Les tomates cuites je trouve &ccedil;a trop mou, trop pas bon&#8230; (ou alors je n&#8217;ai jamais mang&eacute; [&hellip;]\" \/>\n<meta property=\"og:url\" content=\"https:\/\/latambouilledebouille.com\/index.php\/2013\/06\/06\/les-petits-farcis-de-bouille-du-soleil-dans-votre-assiette\/\" \/>\n<meta property=\"og:site_name\" content=\"La tambouille de Bouille\" \/>\n<meta property=\"article:published_time\" content=\"2013-06-06T18:14:00+00:00\" \/>\n<meta property=\"article:modified_time\" content=\"2020-04-15T12:46:10+00:00\" \/>\n<meta property=\"og:image\" content=\"https:\/\/latambouilledebouille.com\/wp-content\/uploads\/2013\/06\/87293144_p-1.jpg\" \/>\n<meta name=\"author\" content=\"BouilledeGum\" \/>\n<meta name=\"twitter:card\" content=\"summary_large_image\" \/>\n<meta name=\"twitter:label1\" content=\"\u00c9crit par\" \/>\n\t<meta name=\"twitter:data1\" content=\"BouilledeGum\" \/>\n\t<meta name=\"twitter:label2\" content=\"Dur\u00e9e de lecture estim\u00e9e\" \/>\n\t<meta name=\"twitter:data2\" content=\"2 minutes\" \/>\n<script type=\"application\/ld+json\" class=\"yoast-schema-graph\">{\"@context\":\"https:\/\/schema.org\",\"@graph\":[{\"@type\":\"Article\",\"@id\":\"https:\/\/latambouilledebouille.com\/index.php\/2013\/06\/06\/les-petits-farcis-de-bouille-du-soleil-dans-votre-assiette\/#article\",\"isPartOf\":{\"@id\":\"https:\/\/latambouilledebouille.com\/index.php\/2013\/06\/06\/les-petits-farcis-de-bouille-du-soleil-dans-votre-assiette\/\"},\"author\":{\"name\":\"BouilledeGum\",\"@id\":\"https:\/\/latambouilledebouille.com\/#\/schema\/person\/60a785d85a273d47d213dd39e49799d2\"},\"headline\":\"Les petits farcis de Bouille, du soleil dans votre assiette !\",\"datePublished\":\"2013-06-06T18:14:00+00:00\",\"dateModified\":\"2020-04-15T12:46:10+00:00\",\"mainEntityOfPage\":{\"@id\":\"https:\/\/latambouilledebouille.com\/index.php\/2013\/06\/06\/les-petits-farcis-de-bouille-du-soleil-dans-votre-assiette\/\"},\"wordCount\":362,\"commentCount\":3,\"publisher\":{\"@id\":\"https:\/\/latambouilledebouille.com\/#\/schema\/person\/60a785d85a273d47d213dd39e49799d2\"},\"image\":{\"@id\":\"https:\/\/latambouilledebouille.com\/index.php\/2013\/06\/06\/les-petits-farcis-de-bouille-du-soleil-dans-votre-assiette\/#primaryimage\"},\"thumbnailUrl\":\"https:\/\/latambouilledebouille.com\/wp-content\/uploads\/2013\/06\/87293144_p-1.jpg\",\"keywords\":[\"chair \u00e0 saucisse\",\"courgette\",\"facile\",\"familiale\",\"farce\",\"farci\",\"farigoulo\",\"gastronomiz\",\"plat\",\"poivron\"],\"articleSection\":[\"plat\"],\"inLanguage\":\"fr-FR\",\"potentialAction\":[{\"@type\":\"CommentAction\",\"name\":\"Comment\",\"target\":[\"https:\/\/latambouilledebouille.com\/index.php\/2013\/06\/06\/les-petits-farcis-de-bouille-du-soleil-dans-votre-assiette\/#respond\"]}]},{\"@type\":\"WebPage\",\"@id\":\"https:\/\/latambouilledebouille.com\/index.php\/2013\/06\/06\/les-petits-farcis-de-bouille-du-soleil-dans-votre-assiette\/\",\"url\":\"https:\/\/latambouilledebouille.com\/index.php\/2013\/06\/06\/les-petits-farcis-de-bouille-du-soleil-dans-votre-assiette\/\",\"name\":\"Les petits farcis de Bouille, du soleil dans votre assiette ! - La tambouille de Bouille\",\"isPartOf\":{\"@id\":\"https:\/\/latambouilledebouille.com\/#website\"},\"primaryImageOfPage\":{\"@id\":\"https:\/\/latambouilledebouille.com\/index.php\/2013\/06\/06\/les-petits-farcis-de-bouille-du-soleil-dans-votre-assiette\/#primaryimage\"},\"image\":{\"@id\":\"https:\/\/latambouilledebouille.com\/index.php\/2013\/06\/06\/les-petits-farcis-de-bouille-du-soleil-dans-votre-assiette\/#primaryimage\"},\"thumbnailUrl\":\"https:\/\/latambouilledebouille.com\/wp-content\/uploads\/2013\/06\/87293144_p-1.jpg\",\"datePublished\":\"2013-06-06T18:14:00+00:00\",\"dateModified\":\"2020-04-15T12:46:10+00:00\",\"breadcrumb\":{\"@id\":\"https:\/\/latambouilledebouille.com\/index.php\/2013\/06\/06\/les-petits-farcis-de-bouille-du-soleil-dans-votre-assiette\/#breadcrumb\"},\"inLanguage\":\"fr-FR\",\"potentialAction\":[{\"@type\":\"ReadAction\",\"target\":[\"https:\/\/latambouilledebouille.com\/index.php\/2013\/06\/06\/les-petits-farcis-de-bouille-du-soleil-dans-votre-assiette\/\"]}]},{\"@type\":\"ImageObject\",\"inLanguage\":\"fr-FR\",\"@id\":\"https:\/\/latambouilledebouille.com\/index.php\/2013\/06\/06\/les-petits-farcis-de-bouille-du-soleil-dans-votre-assiette\/#primaryimage\",\"url\":\"https:\/\/i0.wp.com\/latambouilledebouille.com\/wp-content\/uploads\/2013\/06\/87293144_p-1.jpg?fit=600%2C600&ssl=1\",\"contentUrl\":\"https:\/\/i0.wp.com\/latambouilledebouille.com\/wp-content\/uploads\/2013\/06\/87293144_p-1.jpg?fit=600%2C600&ssl=1\",\"width\":600,\"height\":600},{\"@type\":\"BreadcrumbList\",\"@id\":\"https:\/\/latambouilledebouille.com\/index.php\/2013\/06\/06\/les-petits-farcis-de-bouille-du-soleil-dans-votre-assiette\/#breadcrumb\",\"itemListElement\":[{\"@type\":\"ListItem\",\"position\":1,\"name\":\"Accueil\",\"item\":\"https:\/\/latambouilledebouille.com\/\"},{\"@type\":\"ListItem\",\"position\":2,\"name\":\"Les petits farcis de Bouille, du soleil dans votre assiette !\"}]},{\"@type\":\"WebSite\",\"@id\":\"https:\/\/latambouilledebouille.com\/#website\",\"url\":\"https:\/\/latambouilledebouille.com\/\",\"name\":\"La tambouille de Bouille\",\"description\":\"De la gourmandise sucr\u00e9e, sal\u00e9e, avec une pinc\u00e9e de fantaisie\",\"publisher\":{\"@id\":\"https:\/\/latambouilledebouille.com\/#\/schema\/person\/60a785d85a273d47d213dd39e49799d2\"},\"potentialAction\":[{\"@type\":\"SearchAction\",\"target\":{\"@type\":\"EntryPoint\",\"urlTemplate\":\"https:\/\/latambouilledebouille.com\/?s={search_term_string}\"},\"query-input\":{\"@type\":\"PropertyValueSpecification\",\"valueRequired\":true,\"valueName\":\"search_term_string\"}}],\"inLanguage\":\"fr-FR\"},{\"@type\":[\"Person\",\"Organization\"],\"@id\":\"https:\/\/latambouilledebouille.com\/#\/schema\/person\/60a785d85a273d47d213dd39e49799d2\",\"name\":\"BouilledeGum\",\"image\":{\"@type\":\"ImageObject\",\"inLanguage\":\"fr-FR\",\"@id\":\"https:\/\/latambouilledebouille.com\/#\/schema\/person\/image\/\",\"url\":\"https:\/\/secure.gravatar.com\/avatar\/2b559a9357377a79331e346651242fa8?s=96&d=mm&r=g\",\"contentUrl\":\"https:\/\/secure.gravatar.com\/avatar\/2b559a9357377a79331e346651242fa8?s=96&d=mm&r=g\",\"caption\":\"BouilledeGum\"},\"logo\":{\"@id\":\"https:\/\/latambouilledebouille.com\/#\/schema\/person\/image\/\"},\"sameAs\":[\"https:\/\/latambouilledebouille.com\"],\"url\":\"https:\/\/latambouilledebouille.com\/index.php\/author\/bouilledegum\/\"}]}<\/script>\n<!-- \/ Yoast SEO Premium plugin. -->","yoast_head_json":{"title":"Les petits farcis de Bouille, du soleil dans votre assiette ! - La tambouille de Bouille","robots":{"index":"index","follow":"follow","max-snippet":"max-snippet:-1","max-image-preview":"max-image-preview:large","max-video-preview":"max-video-preview:-1"},"canonical":"https:\/\/latambouilledebouille.com\/index.php\/2013\/06\/06\/les-petits-farcis-de-bouille-du-soleil-dans-votre-assiette\/","og_locale":"fr_FR","og_type":"article","og_title":"Les petits farcis de Bouille, du soleil dans votre assiette !","og_description":"Bonjour bonjour, Aujourd&#8217;hui on va parler de l&eacute;gumes farcis, un des plats que je pr&eacute;f&egrave;re! Enfin non, pour &ecirc;tre exacte j&#8217;ai commenc&eacute; &agrave; manger des poivrons ou des courgettes tout simplement car je n&#8217;appr&eacute;cie pas les tomates farcis! Les tomates cuites je trouve &ccedil;a trop mou, trop pas bon&#8230; (ou alors je n&#8217;ai jamais mang&eacute; [&hellip;]","og_url":"https:\/\/latambouilledebouille.com\/index.php\/2013\/06\/06\/les-petits-farcis-de-bouille-du-soleil-dans-votre-assiette\/","og_site_name":"La tambouille de Bouille","article_published_time":"2013-06-06T18:14:00+00:00","article_modified_time":"2020-04-15T12:46:10+00:00","og_image":[{"url":"https:\/\/latambouilledebouille.com\/wp-content\/uploads\/2013\/06\/87293144_p-1.jpg","type":"","width":"","height":""}],"author":"BouilledeGum","twitter_card":"summary_large_image","twitter_misc":{"\u00c9crit par":"BouilledeGum","Dur\u00e9e de lecture estim\u00e9e":"2 minutes"},"schema":{"@context":"https:\/\/schema.org","@graph":[{"@type":"Article","@id":"https:\/\/latambouilledebouille.com\/index.php\/2013\/06\/06\/les-petits-farcis-de-bouille-du-soleil-dans-votre-assiette\/#article","isPartOf":{"@id":"https:\/\/latambouilledebouille.com\/index.php\/2013\/06\/06\/les-petits-farcis-de-bouille-du-soleil-dans-votre-assiette\/"},"author":{"name":"BouilledeGum","@id":"https:\/\/latambouilledebouille.com\/#\/schema\/person\/60a785d85a273d47d213dd39e49799d2"},"headline":"Les petits farcis de Bouille, du soleil dans votre assiette !","datePublished":"2013-06-06T18:14:00+00:00","dateModified":"2020-04-15T12:46:10+00:00","mainEntityOfPage":{"@id":"https:\/\/latambouilledebouille.com\/index.php\/2013\/06\/06\/les-petits-farcis-de-bouille-du-soleil-dans-votre-assiette\/"},"wordCount":362,"commentCount":3,"publisher":{"@id":"https:\/\/latambouilledebouille.com\/#\/schema\/person\/60a785d85a273d47d213dd39e49799d2"},"image":{"@id":"https:\/\/latambouilledebouille.com\/index.php\/2013\/06\/06\/les-petits-farcis-de-bouille-du-soleil-dans-votre-assiette\/#primaryimage"},"thumbnailUrl":"https:\/\/latambouilledebouille.com\/wp-content\/uploads\/2013\/06\/87293144_p-1.jpg","keywords":["chair \u00e0 saucisse","courgette","facile","familiale","farce","farci","farigoulo","gastronomiz","plat","poivron"],"articleSection":["plat"],"inLanguage":"fr-FR","potentialAction":[{"@type":"CommentAction","name":"Comment","target":["https:\/\/latambouilledebouille.com\/index.php\/2013\/06\/06\/les-petits-farcis-de-bouille-du-soleil-dans-votre-assiette\/#respond"]}]},{"@type":"WebPage","@id":"https:\/\/latambouilledebouille.com\/index.php\/2013\/06\/06\/les-petits-farcis-de-bouille-du-soleil-dans-votre-assiette\/","url":"https:\/\/latambouilledebouille.com\/index.php\/2013\/06\/06\/les-petits-farcis-de-bouille-du-soleil-dans-votre-assiette\/","name":"Les petits farcis de Bouille, du soleil dans votre assiette ! - La tambouille de Bouille","isPartOf":{"@id":"https:\/\/latambouilledebouille.com\/#website"},"primaryImageOfPage":{"@id":"https:\/\/latambouilledebouille.com\/index.php\/2013\/06\/06\/les-petits-farcis-de-bouille-du-soleil-dans-votre-assiette\/#primaryimage"},"image":{"@id":"https:\/\/latambouilledebouille.com\/index.php\/2013\/06\/06\/les-petits-farcis-de-bouille-du-soleil-dans-votre-assiette\/#primaryimage"},"thumbnailUrl":"https:\/\/latambouilledebouille.com\/wp-content\/uploads\/2013\/06\/87293144_p-1.jpg","datePublished":"2013-06-06T18:14:00+00:00","dateModified":"2020-04-15T12:46:10+00:00","breadcrumb":{"@id":"https:\/\/latambouilledebouille.com\/index.php\/2013\/06\/06\/les-petits-farcis-de-bouille-du-soleil-dans-votre-assiette\/#breadcrumb"},"inLanguage":"fr-FR","potentialAction":[{"@type":"ReadAction","target":["https:\/\/latambouilledebouille.com\/index.php\/2013\/06\/06\/les-petits-farcis-de-bouille-du-soleil-dans-votre-assiette\/"]}]},{"@type":"ImageObject","inLanguage":"fr-FR","@id":"https:\/\/latambouilledebouille.com\/index.php\/2013\/06\/06\/les-petits-farcis-de-bouille-du-soleil-dans-votre-assiette\/#primaryimage","url":"https:\/\/i0.wp.com\/latambouilledebouille.com\/wp-content\/uploads\/2013\/06\/87293144_p-1.jpg?fit=600%2C600&ssl=1","contentUrl":"https:\/\/i0.wp.com\/latambouilledebouille.com\/wp-content\/uploads\/2013\/06\/87293144_p-1.jpg?fit=600%2C600&ssl=1","width":600,"height":600},{"@type":"BreadcrumbList","@id":"https:\/\/latambouilledebouille.com\/index.php\/2013\/06\/06\/les-petits-farcis-de-bouille-du-soleil-dans-votre-assiette\/#breadcrumb","itemListElement":[{"@type":"ListItem","position":1,"name":"Accueil","item":"https:\/\/latambouilledebouille.com\/"},{"@type":"ListItem","position":2,"name":"Les petits farcis de Bouille, du soleil dans votre assiette !"}]},{"@type":"WebSite","@id":"https:\/\/latambouilledebouille.com\/#website","url":"https:\/\/latambouilledebouille.com\/","name":"La tambouille de Bouille","description":"De la gourmandise sucr\u00e9e, sal\u00e9e, avec une pinc\u00e9e de fantaisie","publisher":{"@id":"https:\/\/latambouilledebouille.com\/#\/schema\/person\/60a785d85a273d47d213dd39e49799d2"},"potentialAction":[{"@type":"SearchAction","target":{"@type":"EntryPoint","urlTemplate":"https:\/\/latambouilledebouille.com\/?s={search_term_string}"},"query-input":{"@type":"PropertyValueSpecification","valueRequired":true,"valueName":"search_term_string"}}],"inLanguage":"fr-FR"},{"@type":["Person","Organization"],"@id":"https:\/\/latambouilledebouille.com\/#\/schema\/person\/60a785d85a273d47d213dd39e49799d2","name":"BouilledeGum","image":{"@type":"ImageObject","inLanguage":"fr-FR","@id":"https:\/\/latambouilledebouille.com\/#\/schema\/person\/image\/","url":"https:\/\/secure.gravatar.com\/avatar\/2b559a9357377a79331e346651242fa8?s=96&d=mm&r=g","contentUrl":"https:\/\/secure.gravatar.com\/avatar\/2b559a9357377a79331e346651242fa8?s=96&d=mm&r=g","caption":"BouilledeGum"},"logo":{"@id":"https:\/\/latambouilledebouille.com\/#\/schema\/person\/image\/"},"sameAs":["https:\/\/latambouilledebouille.com"],"url":"https:\/\/latambouilledebouille.com\/index.php\/author\/bouilledegum\/"}]}},"jetpack_featured_media_url":"","jetpack_sharing_enabled":true,"_links":{"self":[{"href":"https:\/\/latambouilledebouille.com\/index.php\/wp-json\/wp\/v2\/posts\/2294","targetHints":{"allow":["GET"]}}],"collection":[{"href":"https:\/\/latambouilledebouille.com\/index.php\/wp-json\/wp\/v2\/posts"}],"about":[{"href":"https:\/\/latambouilledebouille.com\/index.php\/wp-json\/wp\/v2\/types\/post"}],"author":[{"embeddable":true,"href":"https:\/\/latambouilledebouille.com\/index.php\/wp-json\/wp\/v2\/users\/2"}],"replies":[{"embeddable":true,"href":"https:\/\/latambouilledebouille.com\/index.php\/wp-json\/wp\/v2\/comments?post=2294"}],"version-history":[{"count":1,"href":"https:\/\/latambouilledebouille.com\/index.php\/wp-json\/wp\/v2\/posts\/2294\/revisions"}],"predecessor-version":[{"id":4047,"href":"https:\/\/latambouilledebouille.com\/index.php\/wp-json\/wp\/v2\/posts\/2294\/revisions\/4047"}],"wp:attachment":[{"href":"https:\/\/latambouilledebouille.com\/index.php\/wp-json\/wp\/v2\/media?parent=2294"}],"wp:term":[{"taxonomy":"category","embeddable":true,"href":"https:\/\/latambouilledebouille.com\/index.php\/wp-json\/wp\/v2\/categories?post=2294"},{"taxonomy":"post_tag","embeddable":true,"href":"https:\/\/latambouilledebouille.com\/index.php\/wp-json\/wp\/v2\/tags?post=2294"}],"curies":[{"name":"wp","href":"https:\/\/api.w.org\/{rel}","templated":true}]}}