{"id":2252,"date":"2013-06-21T08:13:00","date_gmt":"2013-06-21T06:13:00","guid":{"rendered":"https:\/\/latambouilledebouille.com\/index.php\/2013\/06\/21\/camembert-pane-et-thym-frais\/"},"modified":"2020-04-15T14:46:21","modified_gmt":"2020-04-15T12:46:21","slug":"camembert-pane-et-thym-frais","status":"publish","type":"post","link":"https:\/\/latambouilledebouille.com\/index.php\/2013\/06\/21\/camembert-pane-et-thym-frais\/","title":{"rendered":"camembert pan\u00e9 et thym frais"},"content":{"rendered":"<div>\n<div class=\"articlebody\" itemprop=\"articleBody\">\n<p style=\"text-align: center;\"><span style=\"font-size: 12pt;\">Bonjour les amateurs de go&ucirc;t!<\/span><\/p>\n<p style=\"text-align: center;\"><span style=\"font-size: 12pt;\">Aujourd&#8217;hui je vais m&#8217;adresser plus particuli&egrave;rement aux fous de fromage avec un plat original qui peut &ecirc;tre servit en entr&eacute;e ou &agrave; la place du traditionnel plateau de fromage. On peut &eacute;galement le manger en plat principal avec une salade (ce que nous avons fait).<\/span><\/p>\n<p style=\"text-align: center;\"><span style=\"font-size: 12pt;\">Je suis une grande consommatrice de fromage, j&#8217;adore &ccedil;a, je pourrais m&ecirc;me me cr&eacute;er un badge &#8220;team fromage&#8221; ah ah ah (coucou les copines!!!)<br \/><\/span><\/p>\n<p style=\"text-align: center;\"><span style=\"font-size: 12pt;\">Il s&#8217;agit d&#8217;un camembert pan&eacute; avec du thym frais.<\/span><\/p>\n<p style=\"text-align: center;\"><span style=\"font-size: 12pt;\">Une explosion de saveur en bouche un vrai moment de bonheur.<\/span><\/p>\n<p style=\"text-align: center;\"><span style=\"font-size: 12pt;\">Le coulant du fromage lorsque vous le coupez, le fondant, le croustillant, tout est absolument d&eacute;licieux dans cette recette, je vous l&#8217;assure! En plus c&#8217;est ultra rapide &agrave; pr&eacute;parer et ultra facile &agrave; faire! Que du bon pour cette recette vraiment pleine de saveurs!<\/span><\/p>\n<p style=\"text-align: center;\"><span style=\"font-size: 12pt;\">J&#8217;esp&eacute;re vous avoir mis l&#8217;eau &agrave; la bouche! <\/span><\/p>\n<p style=\"text-align: center;\"><span style=\"font-size: 12pt;\">Pour ceux qui n&#8217;aime pas le fromage, je suis d&eacute;sol&eacute;e de vous infliger &ccedil;a, promis je reviens avec d&#8217;autres recettes la semaine prochaine \ud83d\ude09 En plus, deux plats &agrave; base de panure dans la m&ecirc;me semaine, &ccedil;a ne me ressemble pas! ah ah ah<br \/><\/span><\/p>\n<p style=\"text-align: center;\">&nbsp;<\/p>\n<p><img data-recalc-dims=\"1\" fetchpriority=\"high\" decoding=\"async\" style=\"display: block; margin-left: auto; margin-right: auto;\" src=\"https:\/\/i0.wp.com\/latambouilledebouille.com\/wp-content\/uploads\/2013\/06\/87708290_p-1.jpg?resize=478%2C600&#038;ssl=1\" alt=\"camembert\" width=\"478\" height=\"600\" border=\"0\"><\/p>\n<p style=\"text-align: center;\"><span style=\"text-decoration: underline;\"><span style=\"font-size: 12pt;\">INGREDIENTS:<\/span><\/span><\/p>\n<p style=\"text-align: center;\"><span style=\"font-size: 12pt;\">(pour 4 personnes)<\/span><\/p>\n<p style=\"text-align: center;\"><span style=\"font-size: 12pt;\">&#8211; 1 camembert (si vous le faites en plat principal vous pouvez pr&eacute;voir 2 quart de camembert par personne)<\/span><\/p>\n<p style=\"text-align: center;\"><span style=\"font-size: 12pt;\">&#8211; une dizaine de biscotte<\/span><\/p>\n<p style=\"text-align: center;\"><span style=\"font-size: 12pt;\">&#8211; du thym frais<\/span><\/p>\n<p style=\"text-align: center;\"><span style=\"font-size: 12pt;\">&#8211; 3 oeufs battus en omelette<\/span><\/p>\n<p style=\"text-align: center;\"><span style=\"font-size: 12pt;\">&#8211; huile d&#8217;olive<\/span><\/p>\n<p style=\"text-align: center;\"><span style=\"font-size: 12pt;\">-fleur de sel<\/span><\/p>\n<p><img data-recalc-dims=\"1\" decoding=\"async\" style=\"display: block; margin-left: auto; margin-right: auto;\" src=\"https:\/\/i0.wp.com\/latambouilledebouille.com\/wp-content\/uploads\/2013\/06\/87708311_p-1.jpg?resize=600%2C600&#038;ssl=1\" alt=\"camemebertpan&eacute;2\" width=\"600\" height=\"600\" border=\"0\"><\/p>\n<p style=\"text-align: center;\"><span style=\"font-size: 12pt;\">Commencer par broyer des biscottes avec le thym frais (sans les branches), m&eacute;langer dans un r&eacute;cipient et r&eacute;server.<\/span><\/p>\n<p style=\"text-align: center;\"><span style=\"font-size: 12pt;\">Puis battre les oeufs en omelette dans un second r&eacute;cipient.<\/span><\/p>\n<p style=\"text-align: center;\"><span style=\"font-size: 12pt;\">Couper votre camembert en quart.<\/span><\/p>\n<p style=\"text-align: center;\"><span style=\"font-size: 12pt;\">Tremper chaque quart dans l&#8217;omelette puis dans la panure, puis &agrave; nouveau dans l&#8217;omelette et pour finir &agrave; nouveau dans la panure.<\/span><\/p>\n<p style=\"text-align: center;\"><span style=\"font-size: 12pt;\">Vous ne devriez plus voir le blanc du camembert.<\/span><\/p>\n<p style=\"text-align: center;\"><span style=\"font-size: 12pt;\">D&eacute;poser sur une assiette.<\/span><\/p>\n<p style=\"text-align: center;\"><span style=\"font-size: 12pt;\">Faires chauffer de l&#8217;huile d&#8217;olive dans une po&ecirc;le et y faire dorer sur toutes les faces votre camembert.<\/span><\/p>\n<p style=\"text-align: center;\"><span style=\"font-size: 12pt;\">Il faut que la po&ecirc;le soit tr&egrave;s chaude et que le fromage ne reste pas trop longtemps sur la m&ecirc;me face au risque de couler partout.<\/span><\/p>\n<p style=\"text-align: center;\"><span style=\"font-size: 12pt;\">C&#8217;est tr&egrave;s tr&egrave;s rapide.<\/span><\/p>\n<p style=\"text-align: center;\"><span style=\"font-size: 12pt;\">Ensuite disposer sur vos assiettes avec une bonne salade et parsemer de fleur de sel. <\/span><\/p>\n<p style=\"text-align: center;\"><span style=\"font-size: 12pt;\">Vous pouvez le manger avec du pain &eacute;galement.<\/span><\/p>\n<p style=\"text-align: center;\"><span style=\"font-size: 12pt;\">Bon app&eacute;tit!<\/span><\/p>\n<p style=\"text-align: center;\"><span style=\"font-size: 12pt;\">Voil&agrave;, j&#8217;esp&egrave;re que cela vous a donn&eacute; faim!!<\/span><\/p>\n<p style=\"text-align: center;\"><span style=\"font-size: 12pt;\">Bon week-end!!<\/span><\/p>\n<p style=\"text-align: right;\"><span style=\"font-size: 12pt;\">Bouille de Gum<\/span><\/p>\n<p style=\"text-align: right;\"><img data-recalc-dims=\"1\" decoding=\"async\" src=\"https:\/\/i0.wp.com\/latambouilledebouille.com\/wp-content\/uploads\/2013\/06\/87708445_p-1.jpg?resize=150%2C150&#038;ssl=1\" alt=\"86729826_p\" width=\"150\" height=\"150\" border=\"0\"><\/p>\n<p style=\"text-align: right;\"><span style=\"font-size: 12pt;\">&nbsp;<\/span><\/p>\n<p style=\"text-align: center;\"><span style=\"font-size: 12pt;\">&nbsp;<\/span><\/p>\n<p>&nbsp;<\/p>\n<p>&nbsp;<\/p>\n<div style=\"clear:both;\"><\/div>\n<\/div>\n<\/div>\n","protected":false},"excerpt":{"rendered":"<p>Bonjour les amateurs de go&ucirc;t! Aujourd&#8217;hui je vais m&#8217;adresser plus particuli&egrave;rement aux fous de fromage avec un plat original qui peut &ecirc;tre servit en entr&eacute;e ou &agrave; la place du traditionnel plateau de fromage. On peut &eacute;galement le manger en plat principal avec une salade (ce que nous avons fait). Je suis une grande consommatrice [&hellip;]<\/p>\n","protected":false},"author":2,"featured_media":0,"comment_status":"open","ping_status":"open","sticky":false,"template":"","format":"standard","meta":{"_acf_changed":false,"sfsi_plus_gutenberg_text_before_share":"","sfsi_plus_gutenberg_show_text_before_share":"","sfsi_plus_gutenberg_icon_type":"","sfsi_plus_gutenberg_icon_alignemt":"","sfsi_plus_gutenburg_max_per_row":"","_jetpack_memberships_contains_paid_content":false,"footnotes":""},"categories":[1008],"tags":[163,1407,328,366,377,639,638,821,908,977],"class_list":["post-2252","post","type-post","status-publish","format-standard","hentry","category-fromage","tag-camembert","tag-coulant","tag-express","tag-fondue-de-poireaux","tag-fromage","tag-pane","tag-panure","tag-saveur","tag-thym","tag-yummy"],"acf":[],"yoast_head":"<!-- This site is optimized with the Yoast SEO Premium plugin v24.0 (Yoast SEO v24.0) - https:\/\/yoast.com\/wordpress\/plugins\/seo\/ -->\n<title>camembert pan\u00e9 et thym frais - La tambouille de Bouille<\/title>\n<meta name=\"robots\" content=\"index, follow, max-snippet:-1, max-image-preview:large, max-video-preview:-1\" \/>\n<link rel=\"canonical\" href=\"https:\/\/latambouilledebouille.com\/index.php\/2013\/06\/21\/camembert-pane-et-thym-frais\/\" \/>\n<meta property=\"og:locale\" content=\"fr_FR\" \/>\n<meta property=\"og:type\" content=\"article\" \/>\n<meta property=\"og:title\" content=\"camembert pan\u00e9 et thym frais\" \/>\n<meta property=\"og:description\" content=\"Bonjour les amateurs de go&ucirc;t! Aujourd&#8217;hui je vais m&#8217;adresser plus particuli&egrave;rement aux fous de fromage avec un plat original qui peut &ecirc;tre servit en entr&eacute;e ou &agrave; la place du traditionnel plateau de fromage. On peut &eacute;galement le manger en plat principal avec une salade (ce que nous avons fait). Je suis une grande consommatrice [&hellip;]\" \/>\n<meta property=\"og:url\" content=\"https:\/\/latambouilledebouille.com\/index.php\/2013\/06\/21\/camembert-pane-et-thym-frais\/\" \/>\n<meta property=\"og:site_name\" content=\"La tambouille de Bouille\" \/>\n<meta property=\"article:published_time\" content=\"2013-06-21T06:13:00+00:00\" \/>\n<meta property=\"article:modified_time\" content=\"2020-04-15T12:46:21+00:00\" \/>\n<meta property=\"og:image\" content=\"https:\/\/latambouilledebouille.com\/wp-content\/uploads\/2013\/06\/87708290_p-1.jpg\" \/>\n<meta name=\"author\" content=\"BouilledeGum\" \/>\n<meta name=\"twitter:card\" content=\"summary_large_image\" \/>\n<meta name=\"twitter:label1\" content=\"\u00c9crit par\" \/>\n\t<meta name=\"twitter:data1\" content=\"BouilledeGum\" \/>\n\t<meta name=\"twitter:label2\" content=\"Dur\u00e9e de lecture estim\u00e9e\" \/>\n\t<meta name=\"twitter:data2\" content=\"2 minutes\" \/>\n<script type=\"application\/ld+json\" class=\"yoast-schema-graph\">{\"@context\":\"https:\/\/schema.org\",\"@graph\":[{\"@type\":\"Article\",\"@id\":\"https:\/\/latambouilledebouille.com\/index.php\/2013\/06\/21\/camembert-pane-et-thym-frais\/#article\",\"isPartOf\":{\"@id\":\"https:\/\/latambouilledebouille.com\/index.php\/2013\/06\/21\/camembert-pane-et-thym-frais\/\"},\"author\":{\"name\":\"BouilledeGum\",\"@id\":\"https:\/\/latambouilledebouille.com\/#\/schema\/person\/60a785d85a273d47d213dd39e49799d2\"},\"headline\":\"camembert pan\u00e9 et thym frais\",\"datePublished\":\"2013-06-21T06:13:00+00:00\",\"dateModified\":\"2020-04-15T12:46:21+00:00\",\"mainEntityOfPage\":{\"@id\":\"https:\/\/latambouilledebouille.com\/index.php\/2013\/06\/21\/camembert-pane-et-thym-frais\/\"},\"wordCount\":452,\"commentCount\":4,\"publisher\":{\"@id\":\"https:\/\/latambouilledebouille.com\/#\/schema\/person\/60a785d85a273d47d213dd39e49799d2\"},\"image\":{\"@id\":\"https:\/\/latambouilledebouille.com\/index.php\/2013\/06\/21\/camembert-pane-et-thym-frais\/#primaryimage\"},\"thumbnailUrl\":\"https:\/\/latambouilledebouille.com\/wp-content\/uploads\/2013\/06\/87708290_p-1.jpg\",\"keywords\":[\"camembert\",\"coulant\",\"express\",\"fondue de poireaux\",\"fromage\",\"pan\u00e9\",\"panure\",\"saveur\",\"thym\",\"yummy\"],\"articleSection\":[\"fromage\"],\"inLanguage\":\"fr-FR\",\"potentialAction\":[{\"@type\":\"CommentAction\",\"name\":\"Comment\",\"target\":[\"https:\/\/latambouilledebouille.com\/index.php\/2013\/06\/21\/camembert-pane-et-thym-frais\/#respond\"]}]},{\"@type\":\"WebPage\",\"@id\":\"https:\/\/latambouilledebouille.com\/index.php\/2013\/06\/21\/camembert-pane-et-thym-frais\/\",\"url\":\"https:\/\/latambouilledebouille.com\/index.php\/2013\/06\/21\/camembert-pane-et-thym-frais\/\",\"name\":\"camembert pan\u00e9 et thym frais - La tambouille de Bouille\",\"isPartOf\":{\"@id\":\"https:\/\/latambouilledebouille.com\/#website\"},\"primaryImageOfPage\":{\"@id\":\"https:\/\/latambouilledebouille.com\/index.php\/2013\/06\/21\/camembert-pane-et-thym-frais\/#primaryimage\"},\"image\":{\"@id\":\"https:\/\/latambouilledebouille.com\/index.php\/2013\/06\/21\/camembert-pane-et-thym-frais\/#primaryimage\"},\"thumbnailUrl\":\"https:\/\/latambouilledebouille.com\/wp-content\/uploads\/2013\/06\/87708290_p-1.jpg\",\"datePublished\":\"2013-06-21T06:13:00+00:00\",\"dateModified\":\"2020-04-15T12:46:21+00:00\",\"breadcrumb\":{\"@id\":\"https:\/\/latambouilledebouille.com\/index.php\/2013\/06\/21\/camembert-pane-et-thym-frais\/#breadcrumb\"},\"inLanguage\":\"fr-FR\",\"potentialAction\":[{\"@type\":\"ReadAction\",\"target\":[\"https:\/\/latambouilledebouille.com\/index.php\/2013\/06\/21\/camembert-pane-et-thym-frais\/\"]}]},{\"@type\":\"ImageObject\",\"inLanguage\":\"fr-FR\",\"@id\":\"https:\/\/latambouilledebouille.com\/index.php\/2013\/06\/21\/camembert-pane-et-thym-frais\/#primaryimage\",\"url\":\"https:\/\/i0.wp.com\/latambouilledebouille.com\/wp-content\/uploads\/2013\/06\/87708290_p-1.jpg?fit=478%2C600&ssl=1\",\"contentUrl\":\"https:\/\/i0.wp.com\/latambouilledebouille.com\/wp-content\/uploads\/2013\/06\/87708290_p-1.jpg?fit=478%2C600&ssl=1\",\"width\":478,\"height\":600},{\"@type\":\"BreadcrumbList\",\"@id\":\"https:\/\/latambouilledebouille.com\/index.php\/2013\/06\/21\/camembert-pane-et-thym-frais\/#breadcrumb\",\"itemListElement\":[{\"@type\":\"ListItem\",\"position\":1,\"name\":\"Accueil\",\"item\":\"https:\/\/latambouilledebouille.com\/\"},{\"@type\":\"ListItem\",\"position\":2,\"name\":\"camembert pan\u00e9 et thym frais\"}]},{\"@type\":\"WebSite\",\"@id\":\"https:\/\/latambouilledebouille.com\/#website\",\"url\":\"https:\/\/latambouilledebouille.com\/\",\"name\":\"La tambouille de Bouille\",\"description\":\"De la gourmandise sucr\u00e9e, sal\u00e9e, avec une pinc\u00e9e de fantaisie\",\"publisher\":{\"@id\":\"https:\/\/latambouilledebouille.com\/#\/schema\/person\/60a785d85a273d47d213dd39e49799d2\"},\"potentialAction\":[{\"@type\":\"SearchAction\",\"target\":{\"@type\":\"EntryPoint\",\"urlTemplate\":\"https:\/\/latambouilledebouille.com\/?s={search_term_string}\"},\"query-input\":{\"@type\":\"PropertyValueSpecification\",\"valueRequired\":true,\"valueName\":\"search_term_string\"}}],\"inLanguage\":\"fr-FR\"},{\"@type\":[\"Person\",\"Organization\"],\"@id\":\"https:\/\/latambouilledebouille.com\/#\/schema\/person\/60a785d85a273d47d213dd39e49799d2\",\"name\":\"BouilledeGum\",\"image\":{\"@type\":\"ImageObject\",\"inLanguage\":\"fr-FR\",\"@id\":\"https:\/\/latambouilledebouille.com\/#\/schema\/person\/image\/\",\"url\":\"https:\/\/secure.gravatar.com\/avatar\/2b559a9357377a79331e346651242fa8?s=96&d=mm&r=g\",\"contentUrl\":\"https:\/\/secure.gravatar.com\/avatar\/2b559a9357377a79331e346651242fa8?s=96&d=mm&r=g\",\"caption\":\"BouilledeGum\"},\"logo\":{\"@id\":\"https:\/\/latambouilledebouille.com\/#\/schema\/person\/image\/\"},\"sameAs\":[\"https:\/\/latambouilledebouille.com\"],\"url\":\"https:\/\/latambouilledebouille.com\/index.php\/author\/bouilledegum\/\"}]}<\/script>\n<!-- \/ Yoast SEO Premium plugin. -->","yoast_head_json":{"title":"camembert pan\u00e9 et thym frais - La tambouille de Bouille","robots":{"index":"index","follow":"follow","max-snippet":"max-snippet:-1","max-image-preview":"max-image-preview:large","max-video-preview":"max-video-preview:-1"},"canonical":"https:\/\/latambouilledebouille.com\/index.php\/2013\/06\/21\/camembert-pane-et-thym-frais\/","og_locale":"fr_FR","og_type":"article","og_title":"camembert pan\u00e9 et thym frais","og_description":"Bonjour les amateurs de go&ucirc;t! Aujourd&#8217;hui je vais m&#8217;adresser plus particuli&egrave;rement aux fous de fromage avec un plat original qui peut &ecirc;tre servit en entr&eacute;e ou &agrave; la place du traditionnel plateau de fromage. On peut &eacute;galement le manger en plat principal avec une salade (ce que nous avons fait). Je suis une grande consommatrice [&hellip;]","og_url":"https:\/\/latambouilledebouille.com\/index.php\/2013\/06\/21\/camembert-pane-et-thym-frais\/","og_site_name":"La tambouille de Bouille","article_published_time":"2013-06-21T06:13:00+00:00","article_modified_time":"2020-04-15T12:46:21+00:00","og_image":[{"url":"https:\/\/latambouilledebouille.com\/wp-content\/uploads\/2013\/06\/87708290_p-1.jpg","type":"","width":"","height":""}],"author":"BouilledeGum","twitter_card":"summary_large_image","twitter_misc":{"\u00c9crit par":"BouilledeGum","Dur\u00e9e de lecture estim\u00e9e":"2 minutes"},"schema":{"@context":"https:\/\/schema.org","@graph":[{"@type":"Article","@id":"https:\/\/latambouilledebouille.com\/index.php\/2013\/06\/21\/camembert-pane-et-thym-frais\/#article","isPartOf":{"@id":"https:\/\/latambouilledebouille.com\/index.php\/2013\/06\/21\/camembert-pane-et-thym-frais\/"},"author":{"name":"BouilledeGum","@id":"https:\/\/latambouilledebouille.com\/#\/schema\/person\/60a785d85a273d47d213dd39e49799d2"},"headline":"camembert pan\u00e9 et thym frais","datePublished":"2013-06-21T06:13:00+00:00","dateModified":"2020-04-15T12:46:21+00:00","mainEntityOfPage":{"@id":"https:\/\/latambouilledebouille.com\/index.php\/2013\/06\/21\/camembert-pane-et-thym-frais\/"},"wordCount":452,"commentCount":4,"publisher":{"@id":"https:\/\/latambouilledebouille.com\/#\/schema\/person\/60a785d85a273d47d213dd39e49799d2"},"image":{"@id":"https:\/\/latambouilledebouille.com\/index.php\/2013\/06\/21\/camembert-pane-et-thym-frais\/#primaryimage"},"thumbnailUrl":"https:\/\/latambouilledebouille.com\/wp-content\/uploads\/2013\/06\/87708290_p-1.jpg","keywords":["camembert","coulant","express","fondue de poireaux","fromage","pan\u00e9","panure","saveur","thym","yummy"],"articleSection":["fromage"],"inLanguage":"fr-FR","potentialAction":[{"@type":"CommentAction","name":"Comment","target":["https:\/\/latambouilledebouille.com\/index.php\/2013\/06\/21\/camembert-pane-et-thym-frais\/#respond"]}]},{"@type":"WebPage","@id":"https:\/\/latambouilledebouille.com\/index.php\/2013\/06\/21\/camembert-pane-et-thym-frais\/","url":"https:\/\/latambouilledebouille.com\/index.php\/2013\/06\/21\/camembert-pane-et-thym-frais\/","name":"camembert pan\u00e9 et thym frais - La tambouille de Bouille","isPartOf":{"@id":"https:\/\/latambouilledebouille.com\/#website"},"primaryImageOfPage":{"@id":"https:\/\/latambouilledebouille.com\/index.php\/2013\/06\/21\/camembert-pane-et-thym-frais\/#primaryimage"},"image":{"@id":"https:\/\/latambouilledebouille.com\/index.php\/2013\/06\/21\/camembert-pane-et-thym-frais\/#primaryimage"},"thumbnailUrl":"https:\/\/latambouilledebouille.com\/wp-content\/uploads\/2013\/06\/87708290_p-1.jpg","datePublished":"2013-06-21T06:13:00+00:00","dateModified":"2020-04-15T12:46:21+00:00","breadcrumb":{"@id":"https:\/\/latambouilledebouille.com\/index.php\/2013\/06\/21\/camembert-pane-et-thym-frais\/#breadcrumb"},"inLanguage":"fr-FR","potentialAction":[{"@type":"ReadAction","target":["https:\/\/latambouilledebouille.com\/index.php\/2013\/06\/21\/camembert-pane-et-thym-frais\/"]}]},{"@type":"ImageObject","inLanguage":"fr-FR","@id":"https:\/\/latambouilledebouille.com\/index.php\/2013\/06\/21\/camembert-pane-et-thym-frais\/#primaryimage","url":"https:\/\/i0.wp.com\/latambouilledebouille.com\/wp-content\/uploads\/2013\/06\/87708290_p-1.jpg?fit=478%2C600&ssl=1","contentUrl":"https:\/\/i0.wp.com\/latambouilledebouille.com\/wp-content\/uploads\/2013\/06\/87708290_p-1.jpg?fit=478%2C600&ssl=1","width":478,"height":600},{"@type":"BreadcrumbList","@id":"https:\/\/latambouilledebouille.com\/index.php\/2013\/06\/21\/camembert-pane-et-thym-frais\/#breadcrumb","itemListElement":[{"@type":"ListItem","position":1,"name":"Accueil","item":"https:\/\/latambouilledebouille.com\/"},{"@type":"ListItem","position":2,"name":"camembert pan\u00e9 et thym frais"}]},{"@type":"WebSite","@id":"https:\/\/latambouilledebouille.com\/#website","url":"https:\/\/latambouilledebouille.com\/","name":"La tambouille de Bouille","description":"De la gourmandise sucr\u00e9e, sal\u00e9e, avec une pinc\u00e9e de fantaisie","publisher":{"@id":"https:\/\/latambouilledebouille.com\/#\/schema\/person\/60a785d85a273d47d213dd39e49799d2"},"potentialAction":[{"@type":"SearchAction","target":{"@type":"EntryPoint","urlTemplate":"https:\/\/latambouilledebouille.com\/?s={search_term_string}"},"query-input":{"@type":"PropertyValueSpecification","valueRequired":true,"valueName":"search_term_string"}}],"inLanguage":"fr-FR"},{"@type":["Person","Organization"],"@id":"https:\/\/latambouilledebouille.com\/#\/schema\/person\/60a785d85a273d47d213dd39e49799d2","name":"BouilledeGum","image":{"@type":"ImageObject","inLanguage":"fr-FR","@id":"https:\/\/latambouilledebouille.com\/#\/schema\/person\/image\/","url":"https:\/\/secure.gravatar.com\/avatar\/2b559a9357377a79331e346651242fa8?s=96&d=mm&r=g","contentUrl":"https:\/\/secure.gravatar.com\/avatar\/2b559a9357377a79331e346651242fa8?s=96&d=mm&r=g","caption":"BouilledeGum"},"logo":{"@id":"https:\/\/latambouilledebouille.com\/#\/schema\/person\/image\/"},"sameAs":["https:\/\/latambouilledebouille.com"],"url":"https:\/\/latambouilledebouille.com\/index.php\/author\/bouilledegum\/"}]}},"jetpack_featured_media_url":"","jetpack_sharing_enabled":true,"_links":{"self":[{"href":"https:\/\/latambouilledebouille.com\/index.php\/wp-json\/wp\/v2\/posts\/2252","targetHints":{"allow":["GET"]}}],"collection":[{"href":"https:\/\/latambouilledebouille.com\/index.php\/wp-json\/wp\/v2\/posts"}],"about":[{"href":"https:\/\/latambouilledebouille.com\/index.php\/wp-json\/wp\/v2\/types\/post"}],"author":[{"embeddable":true,"href":"https:\/\/latambouilledebouille.com\/index.php\/wp-json\/wp\/v2\/users\/2"}],"replies":[{"embeddable":true,"href":"https:\/\/latambouilledebouille.com\/index.php\/wp-json\/wp\/v2\/comments?post=2252"}],"version-history":[{"count":1,"href":"https:\/\/latambouilledebouille.com\/index.php\/wp-json\/wp\/v2\/posts\/2252\/revisions"}],"predecessor-version":[{"id":4037,"href":"https:\/\/latambouilledebouille.com\/index.php\/wp-json\/wp\/v2\/posts\/2252\/revisions\/4037"}],"wp:attachment":[{"href":"https:\/\/latambouilledebouille.com\/index.php\/wp-json\/wp\/v2\/media?parent=2252"}],"wp:term":[{"taxonomy":"category","embeddable":true,"href":"https:\/\/latambouilledebouille.com\/index.php\/wp-json\/wp\/v2\/categories?post=2252"},{"taxonomy":"post_tag","embeddable":true,"href":"https:\/\/latambouilledebouille.com\/index.php\/wp-json\/wp\/v2\/tags?post=2252"}],"curies":[{"name":"wp","href":"https:\/\/api.w.org\/{rel}","templated":true}]}}