{"id":2065,"date":"2013-09-16T15:54:00","date_gmt":"2013-09-16T13:54:00","guid":{"rendered":"https:\/\/latambouilledebouille.com\/index.php\/2013\/09\/16\/gastronomiz-du-mois-de-septembre-brunch-spoilers\/"},"modified":"2020-04-15T14:47:26","modified_gmt":"2020-04-15T12:47:26","slug":"gastronomiz-du-mois-de-septembre-brunch-spoilers","status":"publish","type":"post","link":"https:\/\/latambouilledebouille.com\/index.php\/2013\/09\/16\/gastronomiz-du-mois-de-septembre-brunch-spoilers\/","title":{"rendered":"Gastronomiz du mois de Septembre : Brunch (spoilers)"},"content":{"rendered":"<div>\n<div class=\"articlebody\">\n<p style=\"text-align: center;\"><span style=\"font-size: 12pt;\">Bonjour les gourmands!<\/span><\/p>\n<p style=\"text-align: center;\"><span style=\"font-size: 12pt;\">Je reviens aujourd&#8217;hui pour vous parler de la box culinaire gastronomiz de Septembre, qui avait pour th\u00e8me le Brunch.<\/span><\/p>\n<p style=\"text-align: center;\"><span style=\"font-size: 12pt;\">Comme d&#8217;habitude je ne suis pas d\u00e9\u00e7ue, j&#8217;ai pouss\u00e9 des &#8220;ooooh&#8221; &#8220;gniiiiiii&#8221; &#8220;trop biiiiien&#8221; et j&#8217;ai m\u00eame d\u00e9j\u00e0 essay\u00e9 quelques produits.<\/span><\/p>\n<p style=\"text-align: center;\"><span style=\"font-size: 12pt;\">Enfin il y a quand m\u00eame un produit pour lequel je suis sceptique mais j&#8217;attend de l&#8217;avoir test\u00e9 pour donner un avis dessus.<\/span><\/p>\n<p><img data-recalc-dims=\"1\" fetchpriority=\"high\" decoding=\"async\" style=\"display: block; margin-left: auto; margin-right: auto;\" src=\"https:\/\/i0.wp.com\/latambouilledebouille.com\/wp-content\/uploads\/2013\/09\/89869159_p-1.jpg?resize=504%2C600&#038;ssl=1\" alt=\"gastronomizsept13\" width=\"504\" height=\"600\" border=\"0\" \/><\/p>\n<p style=\"text-align: center;\"><span style=\"font-size: 12pt;\">Ce mois-ci le chef mis \u00e0 l&#8217;honneur est Guillaume Gil qui officie au restaurant Colorova dans le 6\u00e9me arrondissement <\/span><\/p>\n<p style=\"text-align: center;\"><span style=\"font-size: 12pt;\">de Paris. On y d\u00e9couvre un chef passionn\u00e9 par la boulangerie, qui s&#8217;est form\u00e9 chez Ladur\u00e9e, entre autre, et qui s&#8217;est ensuite lanc\u00e9e dans l&#8217;aventure du restaurant brunch.<\/span><\/p>\n<p style=\"text-align: center;\"><span style=\"font-size: 12pt;\">On passe au produits?<\/span><\/p>\n<p style=\"text-align: center;\"><img data-recalc-dims=\"1\" decoding=\"async\" style=\"display: block; margin-left: auto; margin-right: auto;\" src=\"https:\/\/i0.wp.com\/latambouilledebouille.com\/wp-content\/uploads\/2013\/09\/89869257_p-1.jpg?resize=514%2C600&#038;ssl=1\" alt=\"gastronomizsept13tea\" width=\"514\" height=\"600\" border=\"0\" \/><\/p>\n<p style=\"text-align: center;\"><span style=\"font-size: 12pt;\">Je vais commencer par un produit que j&#8217;ai vraiment ador\u00e9, le th\u00e9 vert bio \u00e0 la fraise de la marque CLIPPER. Comme vous le savez je suis une grande amatrice de th\u00e9 et celui ci est tout simplement d\u00e9licieux. Un parfum agr\u00e9able, un subtil m\u00e9lange de th\u00e9 vert et de fraise, bref une alliance parfaite et r\u00e9ussie. Dans le livret on vous propose deux recettes, une de panna cotta et une de th\u00e9 glac\u00e9.<\/span><\/p>\n<p><img data-recalc-dims=\"1\" decoding=\"async\" style=\"display: block; margin-left: auto; margin-right: auto;\" src=\"https:\/\/i0.wp.com\/latambouilledebouille.com\/wp-content\/uploads\/2013\/09\/89869294_p-1.jpg?resize=530%2C600&#038;ssl=1\" alt=\"gastronomizsept13cornichons\" width=\"530\" height=\"600\" border=\"0\" \/><\/p>\n<p style=\"text-align: center;\"><span style=\"font-size: 12pt;\">Le deuxi\u00e8me produit qui m&#8217;a interpell\u00e9 c&#8217;est ce pot de cornichons au balsamique blanc de la marque LE JARDIN D&#8217;ORANTE. Croquants, l\u00e9g\u00e8rement sucr\u00e9s, go\u00fbteux, ces petits cornichons sont juste un v\u00e9ritable d\u00e9lice! J&#8217;avoue que j&#8217;aime la simplicit\u00e9 et que je n&#8217;ai pas du tout envie de les cuisiner! Ils sont tellement d\u00e9licieux comme \u00e7a!<\/span><\/p>\n<p style=\"text-align: center;\"><span style=\"font-size: 12pt;\"><img data-recalc-dims=\"1\" height=\"300\" width=\"300\" decoding=\"async\" class=\"aligncenter size-medium\" src=\"https:\/\/i0.wp.com\/latambouilledebouille.com\/wp-content\/uploads\/2013\/09\/89869406_p-1.jpg?fit=300%2C300&#038;ssl=1\" alt=\"\" \/><\/span><\/p>\n<p style=\"text-align: center;\"><span style=\"font-size: 12pt;\">Ensuite vient la vinaigrette \u00e0 l&#8217;huile de s\u00e9same de MAILLE. Je n&#8217;ai pas encore test\u00e9 mais en tout cas elle sent divinement bon! Et \u00e7a \u00e0 l&#8217;air fort pratique. Dans le livret il propose une recette de wok v\u00e9g\u00e9tarien ainsi qu&#8217;une recette de pur\u00e9e de carotte .<\/span><\/p>\n<p><img data-recalc-dims=\"1\" loading=\"lazy\" decoding=\"async\" style=\"display: block; margin-left: auto; margin-right: auto;\" src=\"https:\/\/i0.wp.com\/latambouilledebouille.com\/wp-content\/uploads\/2013\/09\/89869442_p-1.jpg?resize=376%2C600&#038;ssl=1\" alt=\"gastronomizsept13cereales\" width=\"376\" height=\"600\" border=\"0\" \/><\/p>\n<p style=\"text-align: center;\"><span style=\"font-size: 12pt;\">Voici un produit que j&#8217;avais tr\u00e8s envie de tester, les p\u00e9tales \u00e9peautre, amarante et chocolat de la marque BJORG. Un produit sain et bon comme je les aime! Pour ce produit c&#8217;est test\u00e9 et approuv\u00e9! id\u00e9al pour le petit d\u00e9jeuner, il cale bien, il y a du go\u00fbt bref voici un produit que je rach\u00e8terai s\u00fbrement!<\/span><\/p>\n<p><img data-recalc-dims=\"1\" height=\"300\" width=\"300\" decoding=\"async\" class=\"aligncenter size-medium\" style=\"display: block; margin-left: auto; margin-right: auto;\" src=\"https:\/\/i0.wp.com\/latambouilledebouille.com\/wp-content\/uploads\/2013\/09\/89869501_p-1.jpg?fit=300%2C300&#038;ssl=1\" alt=\"\" \/><\/p>\n<p style=\"text-align: center;\"><span style=\"font-size: 12pt;\">Un produit que j&#8217;ai h\u00e2te d&#8217;essayer, la p\u00e2te \u00e0 pancakes de FRANCINE. En grande amatrice de pancakes je ne vais pas tarder \u00e0 les faire, je vous en dirais plus \u00e0 ce moment l\u00e0 \ud83d\ude42<\/span><\/p>\n<p><img data-recalc-dims=\"1\" loading=\"lazy\" decoding=\"async\" style=\"display: block; margin-left: auto; margin-right: auto;\" src=\"https:\/\/i0.wp.com\/latambouilledebouille.com\/wp-content\/uploads\/2013\/09\/89869535_p-1.jpg?resize=547%2C600&#038;ssl=1\" alt=\"gastronomizsept13maison\" width=\"547\" height=\"600\" border=\"0\" \/><\/p>\n<p style=\"text-align: center;\"><span style=\"font-size: 12pt;\">Un outil particulier ensuite, un moule \u00e0 pancakes ou \u00e0 oeuf de la marque SILIKOMARI. Pour ce produit je trouve l&#8217;id\u00e9e sympa mais je ne suis pas certaine d&#8217;en avoir l&#8217;utilit\u00e9&#8230; Une forme plus simple peut-\u00eatre&#8230; En tout cas j&#8217;essairai et je vous dirais \ud83d\ude42<\/span><\/p>\n<p><img data-recalc-dims=\"1\" loading=\"lazy\" decoding=\"async\" style=\"display: block; margin-left: auto; margin-right: auto;\" src=\"https:\/\/i0.wp.com\/latambouilledebouille.com\/wp-content\/uploads\/2013\/09\/89869559_p-1.jpg?resize=495%2C600&#038;ssl=1\" alt=\"gastronomizsept13bacon\" width=\"495\" height=\"600\" border=\"0\" \/><\/p>\n<p style=\"text-align: center;\"><span style=\"font-size: 12pt;\">Pour ce dernier produit, celui sur lequel je suis septique vous vous en doutez, Gastronomiz nous propose un flacon d&#8217;ar\u00f4me bacon de la marque SELECTAROME. L\u00e0, pour le coup, je me suis demand\u00e9 ce qu&#8217;il pouvait bien leur passer par la t\u00eate&#8230; puis je me suis dit qu&#8217;il fallait le faire confiance et j&#8217;essairai ce produit pour me faire un avis plus pr\u00e9cis. En tout cas, niveau senteur, on est bien dans le bacon, \u00e7a c&#8217;est certain!<\/span><\/p>\n<p style=\"text-align: center;\"><span style=\"font-size: 12pt;\">A suivre donc&#8230;<\/span><\/p>\n<p style=\"text-align: center;\"><span style=\"font-size: 12pt;\">Voil\u00e0 pour cette box de Septembre, la prochaine aura pour th\u00e8me &#8220;terre nourrici\u00e8re&#8221; j&#8217;ai d\u00e9j\u00e0 h\u00e2te de l&#8217;a recevoir.<\/span><\/p>\n<p style=\"text-align: center;\"><span style=\"font-size: 12pt;\">Et vous, vous l&#8217;avez re\u00e7u? Vous \u00eates satifait?<\/span><\/p>\n<p style=\"text-align: center;\"><span style=\"font-size: 12pt;\">Je vous souhaite une belle journ\u00e9e \ud83d\ude42 <\/span><\/p>\n<p style=\"text-align: center;\"><span style=\"font-size: 12pt;\">A bient\u00f4t<\/span><\/p>\n<p style=\"text-align: right;\"><span style=\"font-size: 12pt;\">Bouille de Gum<\/span><\/p>\n<\/div>\n<\/div>\n","protected":false},"excerpt":{"rendered":"<p>Bonjour les gourmands! Je reviens aujourd&#8217;hui pour vous parler de la box culinaire gastronomiz de Septembre, qui avait pour th\u00e8me le Brunch. Comme d&#8217;habitude je ne suis pas d\u00e9\u00e7ue, j&#8217;ai pouss\u00e9 des &#8220;ooooh&#8221; &#8220;gniiiiiii&#8221; &#8220;trop biiiiien&#8221; et j&#8217;ai m\u00eame d\u00e9j\u00e0 essay\u00e9 quelques produits. Enfin il y a quand m\u00eame un produit pour lequel je suis [&hellip;]<\/p>\n","protected":false},"author":2,"featured_media":0,"comment_status":"open","ping_status":"open","sticky":false,"template":"","format":"standard","meta":{"_acf_changed":false,"sfsi_plus_gutenberg_text_before_share":"","sfsi_plus_gutenberg_show_text_before_share":"","sfsi_plus_gutenberg_icon_type":"","sfsi_plus_gutenberg_icon_alignemt":"","sfsi_plus_gutenburg_max_per_row":"","_jetpack_memberships_contains_paid_content":false,"footnotes":""},"categories":[1010],"tags":[93,139,222,374,393,486,521,878,828,831],"class_list":["post-2065","post","type-post","status-publish","format-standard","hentry","category-gastronomiz","tag-bjorg","tag-brunch","tag-clipper","tag-francine","tag-gastronomiz","tag-le-jardin-dorante","tag-maille","tag-selectarome","tag-septembre","tag-silikomart"],"acf":[],"yoast_head":"<!-- This site is optimized with the Yoast SEO Premium plugin v24.0 (Yoast SEO v24.0) - https:\/\/yoast.com\/wordpress\/plugins\/seo\/ -->\n<title>Gastronomiz du mois de Septembre : Brunch (spoilers) - La tambouille de Bouille<\/title>\n<meta name=\"robots\" content=\"index, follow, max-snippet:-1, max-image-preview:large, max-video-preview:-1\" \/>\n<link rel=\"canonical\" href=\"https:\/\/latambouilledebouille.com\/index.php\/2013\/09\/16\/gastronomiz-du-mois-de-septembre-brunch-spoilers\/\" \/>\n<meta property=\"og:locale\" content=\"fr_FR\" \/>\n<meta property=\"og:type\" content=\"article\" \/>\n<meta property=\"og:title\" content=\"Gastronomiz du mois de Septembre : Brunch (spoilers)\" \/>\n<meta property=\"og:description\" content=\"Bonjour les gourmands! Je reviens aujourd&#8217;hui pour vous parler de la box culinaire gastronomiz de Septembre, qui avait pour th\u00e8me le Brunch. Comme d&#8217;habitude je ne suis pas d\u00e9\u00e7ue, j&#8217;ai pouss\u00e9 des &#8220;ooooh&#8221; &#8220;gniiiiiii&#8221; &#8220;trop biiiiien&#8221; et j&#8217;ai m\u00eame d\u00e9j\u00e0 essay\u00e9 quelques produits. Enfin il y a quand m\u00eame un produit pour lequel je suis [&hellip;]\" \/>\n<meta property=\"og:url\" content=\"https:\/\/latambouilledebouille.com\/index.php\/2013\/09\/16\/gastronomiz-du-mois-de-septembre-brunch-spoilers\/\" \/>\n<meta property=\"og:site_name\" content=\"La tambouille de Bouille\" \/>\n<meta property=\"article:published_time\" content=\"2013-09-16T13:54:00+00:00\" \/>\n<meta property=\"article:modified_time\" content=\"2020-04-15T12:47:26+00:00\" \/>\n<meta property=\"og:image\" content=\"https:\/\/latambouilledebouille.com\/wp-content\/uploads\/2013\/09\/89869159_p-1.jpg\" \/>\n<meta name=\"author\" content=\"BouilledeGum\" \/>\n<meta name=\"twitter:card\" content=\"summary_large_image\" \/>\n<meta name=\"twitter:label1\" content=\"\u00c9crit par\" \/>\n\t<meta name=\"twitter:data1\" content=\"BouilledeGum\" \/>\n\t<meta name=\"twitter:label2\" content=\"Dur\u00e9e de lecture estim\u00e9e\" \/>\n\t<meta name=\"twitter:data2\" content=\"3 minutes\" \/>\n<script type=\"application\/ld+json\" class=\"yoast-schema-graph\">{\"@context\":\"https:\/\/schema.org\",\"@graph\":[{\"@type\":\"Article\",\"@id\":\"https:\/\/latambouilledebouille.com\/index.php\/2013\/09\/16\/gastronomiz-du-mois-de-septembre-brunch-spoilers\/#article\",\"isPartOf\":{\"@id\":\"https:\/\/latambouilledebouille.com\/index.php\/2013\/09\/16\/gastronomiz-du-mois-de-septembre-brunch-spoilers\/\"},\"author\":{\"name\":\"BouilledeGum\",\"@id\":\"https:\/\/latambouilledebouille.com\/#\/schema\/person\/60a785d85a273d47d213dd39e49799d2\"},\"headline\":\"Gastronomiz du mois de Septembre : Brunch (spoilers)\",\"datePublished\":\"2013-09-16T13:54:00+00:00\",\"dateModified\":\"2020-04-15T12:47:26+00:00\",\"mainEntityOfPage\":{\"@id\":\"https:\/\/latambouilledebouille.com\/index.php\/2013\/09\/16\/gastronomiz-du-mois-de-septembre-brunch-spoilers\/\"},\"wordCount\":586,\"commentCount\":1,\"publisher\":{\"@id\":\"https:\/\/latambouilledebouille.com\/#\/schema\/person\/60a785d85a273d47d213dd39e49799d2\"},\"image\":{\"@id\":\"https:\/\/latambouilledebouille.com\/index.php\/2013\/09\/16\/gastronomiz-du-mois-de-septembre-brunch-spoilers\/#primaryimage\"},\"thumbnailUrl\":\"https:\/\/latambouilledebouille.com\/wp-content\/uploads\/2013\/09\/89869159_p-1.jpg\",\"keywords\":[\"bjorg\",\"brunch\",\"clipper\",\"francine\",\"gastronomiz\",\"le jardin d'orante\",\"maille\",\"s\u00e9lectar\u00f4me\",\"septembre\",\"silikomart\"],\"articleSection\":[\"Gastronomiz\"],\"inLanguage\":\"fr-FR\",\"potentialAction\":[{\"@type\":\"CommentAction\",\"name\":\"Comment\",\"target\":[\"https:\/\/latambouilledebouille.com\/index.php\/2013\/09\/16\/gastronomiz-du-mois-de-septembre-brunch-spoilers\/#respond\"]}]},{\"@type\":\"WebPage\",\"@id\":\"https:\/\/latambouilledebouille.com\/index.php\/2013\/09\/16\/gastronomiz-du-mois-de-septembre-brunch-spoilers\/\",\"url\":\"https:\/\/latambouilledebouille.com\/index.php\/2013\/09\/16\/gastronomiz-du-mois-de-septembre-brunch-spoilers\/\",\"name\":\"Gastronomiz du mois de Septembre : Brunch (spoilers) - La tambouille de Bouille\",\"isPartOf\":{\"@id\":\"https:\/\/latambouilledebouille.com\/#website\"},\"primaryImageOfPage\":{\"@id\":\"https:\/\/latambouilledebouille.com\/index.php\/2013\/09\/16\/gastronomiz-du-mois-de-septembre-brunch-spoilers\/#primaryimage\"},\"image\":{\"@id\":\"https:\/\/latambouilledebouille.com\/index.php\/2013\/09\/16\/gastronomiz-du-mois-de-septembre-brunch-spoilers\/#primaryimage\"},\"thumbnailUrl\":\"https:\/\/latambouilledebouille.com\/wp-content\/uploads\/2013\/09\/89869159_p-1.jpg\",\"datePublished\":\"2013-09-16T13:54:00+00:00\",\"dateModified\":\"2020-04-15T12:47:26+00:00\",\"breadcrumb\":{\"@id\":\"https:\/\/latambouilledebouille.com\/index.php\/2013\/09\/16\/gastronomiz-du-mois-de-septembre-brunch-spoilers\/#breadcrumb\"},\"inLanguage\":\"fr-FR\",\"potentialAction\":[{\"@type\":\"ReadAction\",\"target\":[\"https:\/\/latambouilledebouille.com\/index.php\/2013\/09\/16\/gastronomiz-du-mois-de-septembre-brunch-spoilers\/\"]}]},{\"@type\":\"ImageObject\",\"inLanguage\":\"fr-FR\",\"@id\":\"https:\/\/latambouilledebouille.com\/index.php\/2013\/09\/16\/gastronomiz-du-mois-de-septembre-brunch-spoilers\/#primaryimage\",\"url\":\"https:\/\/i0.wp.com\/latambouilledebouille.com\/wp-content\/uploads\/2013\/09\/89869159_p-1.jpg?fit=504%2C600&ssl=1\",\"contentUrl\":\"https:\/\/i0.wp.com\/latambouilledebouille.com\/wp-content\/uploads\/2013\/09\/89869159_p-1.jpg?fit=504%2C600&ssl=1\",\"width\":504,\"height\":600},{\"@type\":\"BreadcrumbList\",\"@id\":\"https:\/\/latambouilledebouille.com\/index.php\/2013\/09\/16\/gastronomiz-du-mois-de-septembre-brunch-spoilers\/#breadcrumb\",\"itemListElement\":[{\"@type\":\"ListItem\",\"position\":1,\"name\":\"Accueil\",\"item\":\"https:\/\/latambouilledebouille.com\/\"},{\"@type\":\"ListItem\",\"position\":2,\"name\":\"Gastronomiz du mois de Septembre : Brunch (spoilers)\"}]},{\"@type\":\"WebSite\",\"@id\":\"https:\/\/latambouilledebouille.com\/#website\",\"url\":\"https:\/\/latambouilledebouille.com\/\",\"name\":\"La tambouille de Bouille\",\"description\":\"De la gourmandise sucr\u00e9e, sal\u00e9e, avec une pinc\u00e9e de fantaisie\",\"publisher\":{\"@id\":\"https:\/\/latambouilledebouille.com\/#\/schema\/person\/60a785d85a273d47d213dd39e49799d2\"},\"potentialAction\":[{\"@type\":\"SearchAction\",\"target\":{\"@type\":\"EntryPoint\",\"urlTemplate\":\"https:\/\/latambouilledebouille.com\/?s={search_term_string}\"},\"query-input\":{\"@type\":\"PropertyValueSpecification\",\"valueRequired\":true,\"valueName\":\"search_term_string\"}}],\"inLanguage\":\"fr-FR\"},{\"@type\":[\"Person\",\"Organization\"],\"@id\":\"https:\/\/latambouilledebouille.com\/#\/schema\/person\/60a785d85a273d47d213dd39e49799d2\",\"name\":\"BouilledeGum\",\"image\":{\"@type\":\"ImageObject\",\"inLanguage\":\"fr-FR\",\"@id\":\"https:\/\/latambouilledebouille.com\/#\/schema\/person\/image\/\",\"url\":\"https:\/\/secure.gravatar.com\/avatar\/2b559a9357377a79331e346651242fa8?s=96&d=mm&r=g\",\"contentUrl\":\"https:\/\/secure.gravatar.com\/avatar\/2b559a9357377a79331e346651242fa8?s=96&d=mm&r=g\",\"caption\":\"BouilledeGum\"},\"logo\":{\"@id\":\"https:\/\/latambouilledebouille.com\/#\/schema\/person\/image\/\"},\"sameAs\":[\"https:\/\/latambouilledebouille.com\"],\"url\":\"https:\/\/latambouilledebouille.com\/index.php\/author\/bouilledegum\/\"}]}<\/script>\n<!-- \/ Yoast SEO Premium plugin. -->","yoast_head_json":{"title":"Gastronomiz du mois de Septembre : Brunch (spoilers) - La tambouille de Bouille","robots":{"index":"index","follow":"follow","max-snippet":"max-snippet:-1","max-image-preview":"max-image-preview:large","max-video-preview":"max-video-preview:-1"},"canonical":"https:\/\/latambouilledebouille.com\/index.php\/2013\/09\/16\/gastronomiz-du-mois-de-septembre-brunch-spoilers\/","og_locale":"fr_FR","og_type":"article","og_title":"Gastronomiz du mois de Septembre : Brunch (spoilers)","og_description":"Bonjour les gourmands! Je reviens aujourd&#8217;hui pour vous parler de la box culinaire gastronomiz de Septembre, qui avait pour th\u00e8me le Brunch. Comme d&#8217;habitude je ne suis pas d\u00e9\u00e7ue, j&#8217;ai pouss\u00e9 des &#8220;ooooh&#8221; &#8220;gniiiiiii&#8221; &#8220;trop biiiiien&#8221; et j&#8217;ai m\u00eame d\u00e9j\u00e0 essay\u00e9 quelques produits. Enfin il y a quand m\u00eame un produit pour lequel je suis [&hellip;]","og_url":"https:\/\/latambouilledebouille.com\/index.php\/2013\/09\/16\/gastronomiz-du-mois-de-septembre-brunch-spoilers\/","og_site_name":"La tambouille de Bouille","article_published_time":"2013-09-16T13:54:00+00:00","article_modified_time":"2020-04-15T12:47:26+00:00","og_image":[{"url":"https:\/\/latambouilledebouille.com\/wp-content\/uploads\/2013\/09\/89869159_p-1.jpg","type":"","width":"","height":""}],"author":"BouilledeGum","twitter_card":"summary_large_image","twitter_misc":{"\u00c9crit par":"BouilledeGum","Dur\u00e9e de lecture estim\u00e9e":"3 minutes"},"schema":{"@context":"https:\/\/schema.org","@graph":[{"@type":"Article","@id":"https:\/\/latambouilledebouille.com\/index.php\/2013\/09\/16\/gastronomiz-du-mois-de-septembre-brunch-spoilers\/#article","isPartOf":{"@id":"https:\/\/latambouilledebouille.com\/index.php\/2013\/09\/16\/gastronomiz-du-mois-de-septembre-brunch-spoilers\/"},"author":{"name":"BouilledeGum","@id":"https:\/\/latambouilledebouille.com\/#\/schema\/person\/60a785d85a273d47d213dd39e49799d2"},"headline":"Gastronomiz du mois de Septembre : Brunch (spoilers)","datePublished":"2013-09-16T13:54:00+00:00","dateModified":"2020-04-15T12:47:26+00:00","mainEntityOfPage":{"@id":"https:\/\/latambouilledebouille.com\/index.php\/2013\/09\/16\/gastronomiz-du-mois-de-septembre-brunch-spoilers\/"},"wordCount":586,"commentCount":1,"publisher":{"@id":"https:\/\/latambouilledebouille.com\/#\/schema\/person\/60a785d85a273d47d213dd39e49799d2"},"image":{"@id":"https:\/\/latambouilledebouille.com\/index.php\/2013\/09\/16\/gastronomiz-du-mois-de-septembre-brunch-spoilers\/#primaryimage"},"thumbnailUrl":"https:\/\/latambouilledebouille.com\/wp-content\/uploads\/2013\/09\/89869159_p-1.jpg","keywords":["bjorg","brunch","clipper","francine","gastronomiz","le jardin d'orante","maille","s\u00e9lectar\u00f4me","septembre","silikomart"],"articleSection":["Gastronomiz"],"inLanguage":"fr-FR","potentialAction":[{"@type":"CommentAction","name":"Comment","target":["https:\/\/latambouilledebouille.com\/index.php\/2013\/09\/16\/gastronomiz-du-mois-de-septembre-brunch-spoilers\/#respond"]}]},{"@type":"WebPage","@id":"https:\/\/latambouilledebouille.com\/index.php\/2013\/09\/16\/gastronomiz-du-mois-de-septembre-brunch-spoilers\/","url":"https:\/\/latambouilledebouille.com\/index.php\/2013\/09\/16\/gastronomiz-du-mois-de-septembre-brunch-spoilers\/","name":"Gastronomiz du mois de Septembre : Brunch (spoilers) - La tambouille de Bouille","isPartOf":{"@id":"https:\/\/latambouilledebouille.com\/#website"},"primaryImageOfPage":{"@id":"https:\/\/latambouilledebouille.com\/index.php\/2013\/09\/16\/gastronomiz-du-mois-de-septembre-brunch-spoilers\/#primaryimage"},"image":{"@id":"https:\/\/latambouilledebouille.com\/index.php\/2013\/09\/16\/gastronomiz-du-mois-de-septembre-brunch-spoilers\/#primaryimage"},"thumbnailUrl":"https:\/\/latambouilledebouille.com\/wp-content\/uploads\/2013\/09\/89869159_p-1.jpg","datePublished":"2013-09-16T13:54:00+00:00","dateModified":"2020-04-15T12:47:26+00:00","breadcrumb":{"@id":"https:\/\/latambouilledebouille.com\/index.php\/2013\/09\/16\/gastronomiz-du-mois-de-septembre-brunch-spoilers\/#breadcrumb"},"inLanguage":"fr-FR","potentialAction":[{"@type":"ReadAction","target":["https:\/\/latambouilledebouille.com\/index.php\/2013\/09\/16\/gastronomiz-du-mois-de-septembre-brunch-spoilers\/"]}]},{"@type":"ImageObject","inLanguage":"fr-FR","@id":"https:\/\/latambouilledebouille.com\/index.php\/2013\/09\/16\/gastronomiz-du-mois-de-septembre-brunch-spoilers\/#primaryimage","url":"https:\/\/i0.wp.com\/latambouilledebouille.com\/wp-content\/uploads\/2013\/09\/89869159_p-1.jpg?fit=504%2C600&ssl=1","contentUrl":"https:\/\/i0.wp.com\/latambouilledebouille.com\/wp-content\/uploads\/2013\/09\/89869159_p-1.jpg?fit=504%2C600&ssl=1","width":504,"height":600},{"@type":"BreadcrumbList","@id":"https:\/\/latambouilledebouille.com\/index.php\/2013\/09\/16\/gastronomiz-du-mois-de-septembre-brunch-spoilers\/#breadcrumb","itemListElement":[{"@type":"ListItem","position":1,"name":"Accueil","item":"https:\/\/latambouilledebouille.com\/"},{"@type":"ListItem","position":2,"name":"Gastronomiz du mois de Septembre : Brunch (spoilers)"}]},{"@type":"WebSite","@id":"https:\/\/latambouilledebouille.com\/#website","url":"https:\/\/latambouilledebouille.com\/","name":"La tambouille de Bouille","description":"De la gourmandise sucr\u00e9e, sal\u00e9e, avec une pinc\u00e9e de fantaisie","publisher":{"@id":"https:\/\/latambouilledebouille.com\/#\/schema\/person\/60a785d85a273d47d213dd39e49799d2"},"potentialAction":[{"@type":"SearchAction","target":{"@type":"EntryPoint","urlTemplate":"https:\/\/latambouilledebouille.com\/?s={search_term_string}"},"query-input":{"@type":"PropertyValueSpecification","valueRequired":true,"valueName":"search_term_string"}}],"inLanguage":"fr-FR"},{"@type":["Person","Organization"],"@id":"https:\/\/latambouilledebouille.com\/#\/schema\/person\/60a785d85a273d47d213dd39e49799d2","name":"BouilledeGum","image":{"@type":"ImageObject","inLanguage":"fr-FR","@id":"https:\/\/latambouilledebouille.com\/#\/schema\/person\/image\/","url":"https:\/\/secure.gravatar.com\/avatar\/2b559a9357377a79331e346651242fa8?s=96&d=mm&r=g","contentUrl":"https:\/\/secure.gravatar.com\/avatar\/2b559a9357377a79331e346651242fa8?s=96&d=mm&r=g","caption":"BouilledeGum"},"logo":{"@id":"https:\/\/latambouilledebouille.com\/#\/schema\/person\/image\/"},"sameAs":["https:\/\/latambouilledebouille.com"],"url":"https:\/\/latambouilledebouille.com\/index.php\/author\/bouilledegum\/"}]}},"jetpack_featured_media_url":"","jetpack_sharing_enabled":true,"_links":{"self":[{"href":"https:\/\/latambouilledebouille.com\/index.php\/wp-json\/wp\/v2\/posts\/2065","targetHints":{"allow":["GET"]}}],"collection":[{"href":"https:\/\/latambouilledebouille.com\/index.php\/wp-json\/wp\/v2\/posts"}],"about":[{"href":"https:\/\/latambouilledebouille.com\/index.php\/wp-json\/wp\/v2\/types\/post"}],"author":[{"embeddable":true,"href":"https:\/\/latambouilledebouille.com\/index.php\/wp-json\/wp\/v2\/users\/2"}],"replies":[{"embeddable":true,"href":"https:\/\/latambouilledebouille.com\/index.php\/wp-json\/wp\/v2\/comments?post=2065"}],"version-history":[{"count":1,"href":"https:\/\/latambouilledebouille.com\/index.php\/wp-json\/wp\/v2\/posts\/2065\/revisions"}],"predecessor-version":[{"id":3945,"href":"https:\/\/latambouilledebouille.com\/index.php\/wp-json\/wp\/v2\/posts\/2065\/revisions\/3945"}],"wp:attachment":[{"href":"https:\/\/latambouilledebouille.com\/index.php\/wp-json\/wp\/v2\/media?parent=2065"}],"wp:term":[{"taxonomy":"category","embeddable":true,"href":"https:\/\/latambouilledebouille.com\/index.php\/wp-json\/wp\/v2\/categories?post=2065"},{"taxonomy":"post_tag","embeddable":true,"href":"https:\/\/latambouilledebouille.com\/index.php\/wp-json\/wp\/v2\/tags?post=2065"}],"curies":[{"name":"wp","href":"https:\/\/api.w.org\/{rel}","templated":true}]}}