{"id":2018,"date":"2013-10-29T13:27:00","date_gmt":"2013-10-29T12:27:00","guid":{"rendered":"https:\/\/latambouilledebouille.com\/index.php\/2013\/10\/29\/so-safran-foodbiotic-et-meme-que-je-suis-dedans\/"},"modified":"2013-10-29T13:27:00","modified_gmt":"2013-10-29T12:27:00","slug":"so-safran-foodbiotic-et-meme-que-je-suis-dedans","status":"publish","type":"post","link":"https:\/\/latambouilledebouille.com\/index.php\/2013\/10\/29\/so-safran-foodbiotic-et-meme-que-je-suis-dedans\/","title":{"rendered":"So Safran @Foodbiotic et m\u00eame que je suis dedans!!"},"content":{"rendered":"<div>\n<div class=\"articlebody\" itemprop=\"articleBody\">\n<p align=\"CENTER\"><span style=\"font-size: medium;\">Bonjour Bonjour!! <\/span><\/p>\n<p align=\"CENTER\"><span style=\"font-size: medium;\">Aujourd&rsquo;hui je viens vous raconter une petite histoire, une histoire avec de la passion, de la cuisine, du safran et des blogueurs&hellip;<\/span><\/p>\n<p align=\"CENTER\"><span style=\"font-size: medium;\">J&rsquo;esp&egrave;re qu&rsquo;elle vous plaira<\/span><\/p>\n<p align=\"CENTER\"><span style=\"font-size: medium;\"><\/span><\/p>\n<div class=\"cb_img_div\" style=\"margin: 0px auto; width: 100%px;\"><a name=\"IMG_91031739\" href=\"https:\/\/i0.wp.com\/latambouilledebouille.com\/wp-content\/uploads\/2013\/10\/91031739_o-1.jpg?ssl=1\" target=\"_blank\"><img data-recalc-dims=\"1\" decoding=\"async\" src=\"https:\/\/i0.wp.com\/latambouilledebouille.com\/wp-content\/uploads\/2013\/10\/91031739-1.jpg?w=1200&#038;ssl=1\" border=\"0\" alt=\"sosafranlivre\" ><\/a><\/div>\n<\/p>\n<p align=\"CENTER\"><span style=\"font-size: medium;\"><\/span><\/p>\n<p align=\"CENTER\"><span style=\"font-size: medium;\">Il &eacute;tait une fois, au d&eacute;but de l&rsquo;ann&eacute;e 2013, ma bo&icirc;te mail m&rsquo;offrit un v&eacute;ritable grand 8 &eacute;motionnel. Juste un mail, quelques mots &eacute;crient noir sur blanc&hellip;<\/span><\/p>\n<p align=\"CENTER\"><span style=\"font-size: medium;\">Quelques mots mais surtout une proposition, participer &agrave; l&rsquo;&eacute;laboration d&rsquo;un livre de recettes.<\/span><\/p>\n<p align=\"CENTER\"><span style=\"font-size: medium;\">Vous pensez bien que mon c&oelig;ur a bondit dans ma poitrine, que c&rsquo;&eacute;tait le v&eacute;ritable ascenseur &eacute;motionnel, mes yeux n&rsquo;arrivaient pas &agrave; y croire, j&rsquo;ai d&ucirc; relire le mail plusieurs fois pour bien percuter, pour bien peser tous les mots.<\/span><\/p>\n<p align=\"CENTER\"><span style=\"font-size: medium;\">Cette proposition incroyable, pour la petite blogueuse culinaire que je suis, venait de FOODBIOTIC, sp&eacute;cialis&eacute; dans le safran.<\/span><\/p>\n<p align=\"CENTER\"><span style=\"font-size: medium;\">L&rsquo;id&eacute;e &eacute;tait de proposer une recette avec de l&rsquo;eau de safran en spray leur innovation phare, qui a m&ecirc;me &eacute;tait prim&eacute;, et de l&rsquo;a voir publi&eacute; dans un livre parmi d&rsquo;autres blogueuses. <\/span><\/p>\n<p align=\"CENTER\"><span style=\"font-size: medium;\">Apr&egrave;s quelques minutes, totalement n&eacute;cessaire pour redescendre de mon nuage, j&rsquo;ai r&eacute;pondu de mani&egrave;re positive.<\/span><\/p>\n<p align=\"CENTER\"><span style=\"font-size: medium;\">Ce projet m&rsquo;int&eacute;ressait &eacute;norm&eacute;ment, le safran &eacute;tant un produit que je n&rsquo;ai pas forc&eacute;ment l&rsquo;habitude de travailler j&rsquo;y ai vu un challenge.<\/span><\/p>\n<p align=\"CENTER\"><span style=\"font-size: medium;\">De plus, comme je viens de le dire, je ne suis pas une habitu&eacute;e du safran alors je n&rsquo;ai pas tout de suite pens&eacute; au risotto ou &agrave; la paella (honte &agrave; moi) mais imm&eacute;diatement j&rsquo;ai pens&eacute; &agrave; des cupcakes au safran et &agrave; la fleur d&rsquo;oranger&hellip;<\/span><\/p>\n<p align=\"CENTER\"><span style=\"font-size: medium;\">Il a fallu que je me d&eacute;cide, soit le g&acirc;teau &agrave; la fleur d&rsquo;oranger et la cr&egrave;me &agrave; l&rsquo;eau de safran, soit le g&acirc;teau &agrave; l&rsquo;eau de safran et la cr&egrave;me &agrave; la fleur d&rsquo;oranger&hellip;<\/span><\/p>\n<p align=\"CENTER\"><span style=\"font-size: medium;\">C&rsquo;est cette derni&egrave;re option que j&rsquo;ai choisi. Le contraste me semblait int&eacute;ressant, d&rsquo;un c&ocirc;t&eacute; le g&acirc;teau sucr&eacute; mais &eacute;pic&eacute; avec cette note safran&eacute;e et le doux et moelleux de la cr&egrave;me &agrave; la fleur d&rsquo;oranger&hellip;<\/span><\/p>\n<p align=\"CENTER\"><span style=\"font-size: medium;\">Alors me voil&agrave; en cuisine, je fonce bille en t&ecirc;te dans mon id&eacute;e, je teste, j&rsquo;adapte et enfin, je trouve la bonne combinaison d&rsquo;ingr&eacute;dients, les bons dosages&hellip;<\/span><\/p>\n<p align=\"CENTER\"><span style=\"font-size: medium;\">J&rsquo;ajoute un bouton de rose s&eacute;ch&eacute;e, un autre produit de la marque, en d&eacute;coration pour accentuer le c&ocirc;t&eacute; girly du cupcake.<\/span><\/p>\n<p align=\"CENTER\"><span style=\"font-size: medium;\">Une s&eacute;ance photo pour immortaliser la star, un envoi par mail &agrave; la marque avec les photos et les textes (pour la photo j&rsquo;ai du appeler au secours une amie brillante, qui a vol&eacute; &agrave; mon secours telle une princesse &agrave; paillettes &ndash; coucou Stef&nbsp;\ud83d\ude00 encore merci&nbsp;!).<\/span><\/p>\n<p align=\"CENTER\"><span style=\"font-size: medium;\"><\/span><\/p>\n<div class=\"cb_img_div\" style=\"margin: 0px auto; width: 100%px;\"><a name=\"IMG_91031974\" href=\"https:\/\/i0.wp.com\/latambouilledebouille.com\/wp-content\/uploads\/2013\/10\/91031974_o-1.jpg?ssl=1\" target=\"_blank\"><img data-recalc-dims=\"1\" decoding=\"async\" src=\"https:\/\/i0.wp.com\/latambouilledebouille.com\/wp-content\/uploads\/2013\/10\/91031974-1.jpg?w=1200&#038;ssl=1\" border=\"0\" alt=\"sosafrancupcake\" ><\/a><\/div>\n<\/p>\n<p align=\"CENTER\"><span style=\"font-size: medium;\"><\/span><\/p>\n<p align=\"CENTER\"><span style=\"font-size: medium;\">(et en plus je suis fan de mes cupcakes!!!)<\/span><\/p>\n<p align=\"CENTER\"><span style=\"font-size: medium;\">Retour de la marque et une r&eacute;ponse tout &agrave; fait &eacute;tonnante, une proposition pour une seconde recette&nbsp;! Avec un d&eacute;lai tr&egrave;s court&hellip;<\/span><\/p>\n<p align=\"CENTER\"><span style=\"font-size: medium;\">Ni une ni deux je me lance dans l&rsquo;&eacute;laboration de cette seconde recette&hellip; Vous commencez &agrave; me conna&icirc;tre j&rsquo;aime la convivialit&eacute; et l&rsquo;ap&eacute;ro&hellip; Je suis donc partie sur cette id&eacute;e, ensuite j&rsquo;avais envie de marier du poireau et des noix de p&eacute;toncles&hellip; Ajoutez &agrave; &ccedil;a la note d&rsquo;eau de safran et c&rsquo;&eacute;tait un vrai r&eacute;gal&nbsp;!<\/span><\/p>\n<p align=\"CENTER\"><span style=\"font-size: medium;\">D&rsquo;ailleurs ma famille m&rsquo;en r&eacute;clame encore&nbsp;!!<\/span><\/p>\n<p align=\"CENTER\"><span style=\"font-size: medium;\"><\/span><\/p>\n<div class=\"cb_img_div\" style=\"margin: 0px auto; width: 100%px;\"><a name=\"IMG_91032034\" href=\"https:\/\/i0.wp.com\/latambouilledebouille.com\/wp-content\/uploads\/2013\/10\/91032034_o-1.jpg?ssl=1\" target=\"_blank\"><img data-recalc-dims=\"1\" decoding=\"async\" src=\"https:\/\/i0.wp.com\/latambouilledebouille.com\/wp-content\/uploads\/2013\/10\/91032034-1.jpg?w=1200&#038;ssl=1\" border=\"0\" alt=\"petonclessosafran\" ><\/a><\/div>\n<p align=\"CENTER\"><span style=\"font-size: medium;\"><\/span><\/p>\n<p align=\"CENTER\"><span style=\"font-size: medium;\">Et voil&agrave;, la deuxi&egrave;me recette &eacute;tait faites, ne me restait plus qu&rsquo;&agrave; attendre la parution du livre.<\/span><\/p>\n<p align=\"CENTER\"><span style=\"font-size: medium;\">Avec une certaine impatience je dois bien l&rsquo;avouer&nbsp;!!<\/span><\/p>\n<p align=\"CENTER\">&nbsp;<span style=\"font-size: medium;\">En Ao&ucirc;t (oui &ccedil;a para&icirc;t une &eacute;ternit&eacute;&nbsp;!!!) j&rsquo;ai re&ccedil;u un mail avec la maquette du coffret car oui finalement il s&rsquo;agit d&rsquo;un coffret, et la date de la mise en vente&hellip;<\/span><\/p>\n<p align=\"CENTER\"><span style=\"font-size: medium;\">Octobre\/Novembre 2013.<\/span><\/p>\n<p align=\"CENTER\">\n<\/p>\n<p align=\"CENTER\"><span style=\"font-size: medium;\">Inutile de vous dire que mon impatience a grandit &agrave; une allure folle, jusqu&rsquo;au jour du 3 octobre, o&ugrave; l&rsquo;on nous informe que le coffret nous a &eacute;t&eacute; envoy&eacute;&hellip; L&agrave; je peux vous dire que je suis all&eacute;e &agrave; la bo&icirc;te aux lettres le c&oelig;ur battant tous les jours&hellip;<\/span><\/p>\n<p align=\"CENTER\"><span style=\"font-size: medium;\">Jusqu&rsquo;au samedi&hellip; il &eacute;tait l&agrave;, devant mes yeux&hellip;<\/span><\/p>\n<p align=\"CENTER\"><span style=\"font-size: medium;\">Apr&egrave;s un moment d&rsquo;hyst&eacute;rie je me suis d&eacute;cid&eacute;e &agrave; ouvrir le carton, j&rsquo;ai pouss&eacute; des petits cris de souris &laquo;&nbsp;gniiiiiiiiii il est l&agrave;&agrave;&agrave;&agrave;&agrave;&agrave;&agrave;&agrave;&agrave;&nbsp;! gniiiiiii il est beauuuuuu&nbsp;&raquo; (oui oui pas tr&egrave;s &eacute;volu&eacute; je le reconnais).<\/span><\/p>\n<p align=\"CENTER\"><span style=\"font-size: medium;\">J&rsquo;ai ouvert le livre, et j&rsquo;ai cherch&eacute; f&eacute;brilement mes recettes&hellip; Elles &eacute;taient bien l&agrave;, avec ma t&ecirc;te en photo (ma t&ecirc;te dans un livre quoiiiiiiii&nbsp;!), bref un moment de pure folie&nbsp;!<\/span><\/p>\n<p align=\"CENTER\"><span style=\"font-size: medium;\">Apr&egrave;s avoir hurl&eacute; sur l&rsquo;internet mondial ma joie je me suis pos&eacute;e et je l&rsquo;ai parcouru en entier.<\/span><\/p>\n<p align=\"CENTER\"><span style=\"font-size: medium;\">Des univers diff&eacute;rents, des recettes originales bref un concentr&eacute; de cuisine au safran totalement fou.<\/span><\/p>\n<p align=\"CENTER\"><span style=\"font-size: medium;\">Voil&agrave;, cette histoire ne se finit pas avec la phrase &laquo;&nbsp;ils v&eacute;curent heureux pour toujours&nbsp;&raquo; bien que je vais ch&eacute;rir cette 1&eacute;re exp&eacute;rience et j&rsquo;esp&egrave;re quelle ne sera pas la seule&nbsp;!<\/span><\/p>\n<p align=\"CENTER\"><span style=\"font-size: medium;\">En tout cas je peux vous dire que la d&eacute;marche FOODBIOTIC est vraiment int&eacute;ressante, la plupart du temps vous trouvez le livre de recette mais pas forc&eacute;ment le produit, l&agrave;, pour 18&euro;50 vous aurez non seulement les recettes mais aussi le produit&nbsp;! Oui oui, un flacon d&rsquo;eau de safran en spray pour vous permettre de tester les recettes&nbsp;! Si c&rsquo;est pas magique &ccedil;a&nbsp;??<\/span><\/p>\n<p align=\"CENTER\"><span style=\"font-size: medium;\">Alors franchement vous auriez tort de vous priver non&nbsp;? <br \/><\/span><\/p>\n<p align=\"CENTER\"><span style=\"font-size: medium;\">De plus, No&euml;l n&rsquo;est pas tr&egrave;s loin, ce coffret peut &ecirc;tre mis sur votre wishlist, pour vous ou pour quelqu&rsquo;un de votre entourage passionn&eacute; de cuisine&hellip;<\/span><\/p>\n<p align=\"CENTER\"><span style=\"font-size: medium;\">Je ne vais pas vous d&eacute;voiler les recettes du livre mais sachez que &ccedil;a vaut vraiment la peine&nbsp;\ud83d\ude09 <\/span><\/p>\n<p align=\"CENTER\"><span style=\"font-size: medium;\">En tout cas j&rsquo;ai vu qu&rsquo;il allait &ecirc;tre dispo d&eacute;s Novembre dans la plupart des points de vente habituels (fnac, etc&hellip;)<\/span><\/p>\n<p align=\"CENTER\"><span style=\"font-size: medium;\">Je tiens &eacute;galement &agrave; pr&eacute;ciser que je ne touche rien sur les ventes&nbsp;\ud83d\ude09 Je vous incite donc &agrave; vous le procurer tout simplement parce qu&rsquo;il est top&nbsp;J (et y&rsquo;a ma t&ecirc;te dedannnnnns&nbsp;! Et les recettes que j&rsquo;y ai mises sont totalement in&eacute;dites&nbsp;!!!!!)<\/span><\/p>\n<p align=\"CENTER\"><span style=\"font-size: medium;\"><\/span><\/p>\n<p align=\"CENTER\"><span style=\"font-size: medium;\">Si vous avez envie de faire un tour chez les autres blogueuses c&#8217;est par ici:<\/span><\/p>\n<p align=\"CENTER\"><span style=\"font-size: medium;\">Manuella: <a href=\"http:\/\/www.aux-fourneaux.fr\/\" target=\"_blank\">www.aux-fourneaux.fr<\/a><\/span><\/p>\n<p align=\"CENTER\"><span style=\"font-size: medium;\">Marion : <a href=\"http:\/\/www.beautyfoodme.com\/\" target=\"_blank\">www.beautyfoodme.com<\/a> (que je remercie encore!)<\/span><\/p>\n<p align=\"CENTER\"><span style=\"font-size: medium;\">C&eacute;cile: <a href=\"http:\/\/bemiam.com\/\" target=\"_blank\">bemiam.com<\/a><\/span><\/p>\n<p align=\"CENTER\"><span style=\"font-size: medium;\">Elodie : <a href=\"http:\/\/eloalabouche.blogspot.fr\/\" target=\"_blank\">eloalabouche.blogspot.fr<\/a><\/span><\/p>\n<p align=\"CENTER\"><span style=\"font-size: medium;\">Farida : <a href=\"http:\/\/farida-foodista.com\/\" target=\"_blank\">farida-foodista.com <\/a><\/span><\/p>\n<p align=\"CENTER\"><span style=\"font-size: medium;\">Nelly : <a href=\"http:\/\/www.ladinettedenelly.com\/\" target=\"_blank\">www.ladinettedenelly.com<\/a><\/span><\/p>\n<p align=\"CENTER\"><span style=\"font-size: medium;\">Ang&eacute;lique :<a href=\"http:\/\/www.la-gourmandise-selon-angie.com\/\" target=\"_blank\"> poupougnette.canalblog.com<\/a><\/span><\/p>\n<p align=\"CENTER\"><span style=\"font-size: medium;\">Sandrine : <a href=\"http:\/\/www.latabledesandrine.com\/\" target=\"_blank\"> www.latabledesandrine.com<\/a><\/span><\/p>\n<p align=\"CENTER\"><span style=\"font-size: medium;\">L&eacute;a : <a href=\"http:\/\/www.gourmandises2lea.com\/\" target=\"_blank\">www.gourmandises2lea.com<\/a><\/span><\/p>\n<p align=\"CENTER\"><span style=\"font-size: medium;\">Juliette : <a href=\"http:\/\/www.lesrecettesdejuliette.fr\/\" target=\"_blank\">www.lesrecettesdejuliette.fr<\/a><\/span><\/p>\n<p align=\"CENTER\"><span style=\"font-size: medium;\">Chlo&eacute; : <a href=\"http:\/\/parfaimdaromes.blogspot.fr\/\" target=\"_blank\">parfaimdaromes.blogspot.fr<\/a><\/span><\/p>\n<p align=\"CENTER\"><span style=\"font-size: medium;\">Alice : <a href=\"http:\/\/plusunzeste.com\/\" target=\"_blank\">plusunzeste.com<\/a><\/span><\/p>\n<p align=\"CENTER\"><span style=\"font-size: medium;\">Hanane : <a href=\"http:\/\/www.safrangourmand.fr\/\" target=\"_blank\">www.safrangourmand.fr<\/a><\/span><\/p>\n<p align=\"CENTER\"><span style=\"font-size: medium;\">Audrey : <a href=\"http:\/\/senteuretsaveur.wordpress.com\/\" target=\"_blank\">senteuretsaveur.wordpress.com<\/a><\/span><\/p>\n<p align=\"CENTER\"><span style=\"font-size: medium;\">St&eacute;phanie : <a href=\"http:\/\/stephaniieluvshopping.com\/\" target=\"_blank\">stephaniieluvshopping.com<\/a><\/span><\/p>\n<p align=\"CENTER\"><span style=\"font-size: medium;\">Ga&euml;lle (moiiiiii) : <a href=\"http:\/\/tambouillebouill.canalblog.com\" target=\"_blank\">tambouilledebouill.canalblog.com<\/a><\/span><\/p>\n<p align=\"CENTER\"><span style=\"font-size: medium;\"><\/span><\/p>\n<p align=\"CENTER\"><span style=\"font-size: medium;\">Voil&agrave;&agrave;&agrave;&agrave;&agrave;&agrave;&agrave;&agrave;&agrave;&agrave;&agrave;&agrave;&agrave;&agrave;&agrave;&agrave;&agrave;<\/span><\/p>\n<p align=\"CENTER\">&nbsp;<\/p>\n<p style=\"text-align: center;\" align=\"CENTER\"><span style=\"font-size: 12pt;\">Je remercie encore FOODBIOTIC pour cette super opportunit&eacute;, j&#8217;ai &eacute;t&eacute; ravie de travailler avec vous \ud83d\ude42&nbsp;<\/span><\/p>\n<p align=\"CENTER\">&nbsp;<\/p>\n<p align=\"CENTER\"><span style=\"font-size: medium;\">A bient&ocirc;t les amis gourmands&nbsp;!!<\/span><\/p>\n<p align=\"CENTER\">&nbsp;<\/p>\n<p align=\"CENTER\"><span style=\"font-size: medium;\">Bouille de Gum<\/span><\/p>\n<p style=\"margin-bottom: 0cm;\">&nbsp;<\/p>\n<div style=\"clear:both;\"><\/div>\n<\/div>\n<\/div>\n","protected":false},"excerpt":{"rendered":"<p>Bonjour Bonjour!! Aujourd&rsquo;hui je viens vous raconter une petite histoire, une histoire avec de la passion, de la cuisine, du safran et des blogueurs&hellip; J&rsquo;esp&egrave;re qu&rsquo;elle vous plaira Il &eacute;tait une fois, au d&eacute;but de l&rsquo;ann&eacute;e 2013, ma bo&icirc;te mail m&rsquo;offrit un v&eacute;ritable grand 8 &eacute;motionnel. Juste un mail, quelques mots &eacute;crient noir sur blanc&hellip; [&hellip;]<\/p>\n","protected":false},"author":2,"featured_media":0,"comment_status":"open","ping_status":"open","sticky":false,"template":"","format":"standard","meta":{"_acf_changed":false,"sfsi_plus_gutenberg_text_before_share":"","sfsi_plus_gutenberg_show_text_before_share":"","sfsi_plus_gutenberg_icon_type":"","sfsi_plus_gutenberg_icon_alignemt":"","sfsi_plus_gutenburg_max_per_row":"","_jetpack_memberships_contains_paid_content":false,"footnotes":""},"categories":[1013],"tags":[38,100,124,273,279,291,312,361,367,399,497,1392,650,744,698,800,838,888],"class_list":["post-2018","post","type-post","status-publish","format-standard","hentry","category-livres","tag-apero","tag-blogueuse","tag-bouilledegum","tag-cuisine","tag-cupcake","tag-dessert","tag-eau-de-safran","tag-fleur-doranger","tag-foodbiotic","tag-girly","tag-livre","tag-livres","tag-parution","tag-petoncles","tag-poireaux","tag-safran","tag-so-safran","tag-tambouille-de-bouille"],"acf":[],"yoast_head":"<!-- This site is optimized with the Yoast SEO Premium plugin v24.0 (Yoast SEO v24.0) - https:\/\/yoast.com\/wordpress\/plugins\/seo\/ -->\n<title>So Safran @Foodbiotic et m\u00eame que je suis dedans!! - La tambouille de Bouille<\/title>\n<meta name=\"robots\" content=\"index, follow, max-snippet:-1, max-image-preview:large, max-video-preview:-1\" \/>\n<link rel=\"canonical\" href=\"https:\/\/latambouilledebouille.com\/index.php\/2013\/10\/29\/so-safran-foodbiotic-et-meme-que-je-suis-dedans\/\" \/>\n<meta property=\"og:locale\" content=\"fr_FR\" \/>\n<meta property=\"og:type\" content=\"article\" \/>\n<meta property=\"og:title\" content=\"So Safran @Foodbiotic et m\u00eame que je suis dedans!!\" \/>\n<meta property=\"og:description\" content=\"Bonjour Bonjour!! Aujourd&rsquo;hui je viens vous raconter une petite histoire, une histoire avec de la passion, de la cuisine, du safran et des blogueurs&hellip; J&rsquo;esp&egrave;re qu&rsquo;elle vous plaira Il &eacute;tait une fois, au d&eacute;but de l&rsquo;ann&eacute;e 2013, ma bo&icirc;te mail m&rsquo;offrit un v&eacute;ritable grand 8 &eacute;motionnel. Juste un mail, quelques mots &eacute;crient noir sur blanc&hellip; [&hellip;]\" \/>\n<meta property=\"og:url\" content=\"https:\/\/latambouilledebouille.com\/index.php\/2013\/10\/29\/so-safran-foodbiotic-et-meme-que-je-suis-dedans\/\" \/>\n<meta property=\"og:site_name\" content=\"La tambouille de Bouille\" \/>\n<meta property=\"article:published_time\" content=\"2013-10-29T12:27:00+00:00\" \/>\n<meta property=\"og:image\" content=\"https:\/\/latambouilledebouille.com\/wp-content\/uploads\/2013\/10\/91031739-1.jpg\" \/>\n<meta name=\"author\" content=\"BouilledeGum\" \/>\n<meta name=\"twitter:card\" content=\"summary_large_image\" \/>\n<meta name=\"twitter:label1\" content=\"\u00c9crit par\" \/>\n\t<meta name=\"twitter:data1\" content=\"BouilledeGum\" \/>\n\t<meta name=\"twitter:label2\" content=\"Dur\u00e9e de lecture estim\u00e9e\" \/>\n\t<meta name=\"twitter:data2\" content=\"7 minutes\" \/>\n<script type=\"application\/ld+json\" class=\"yoast-schema-graph\">{\"@context\":\"https:\/\/schema.org\",\"@graph\":[{\"@type\":\"Article\",\"@id\":\"https:\/\/latambouilledebouille.com\/index.php\/2013\/10\/29\/so-safran-foodbiotic-et-meme-que-je-suis-dedans\/#article\",\"isPartOf\":{\"@id\":\"https:\/\/latambouilledebouille.com\/index.php\/2013\/10\/29\/so-safran-foodbiotic-et-meme-que-je-suis-dedans\/\"},\"author\":{\"name\":\"BouilledeGum\",\"@id\":\"https:\/\/latambouilledebouille.com\/#\/schema\/person\/60a785d85a273d47d213dd39e49799d2\"},\"headline\":\"So Safran @Foodbiotic et m\u00eame que je suis dedans!!\",\"datePublished\":\"2013-10-29T12:27:00+00:00\",\"dateModified\":\"2013-10-29T12:27:00+00:00\",\"mainEntityOfPage\":{\"@id\":\"https:\/\/latambouilledebouille.com\/index.php\/2013\/10\/29\/so-safran-foodbiotic-et-meme-que-je-suis-dedans\/\"},\"wordCount\":1479,\"commentCount\":4,\"publisher\":{\"@id\":\"https:\/\/latambouilledebouille.com\/#\/schema\/person\/60a785d85a273d47d213dd39e49799d2\"},\"image\":{\"@id\":\"https:\/\/latambouilledebouille.com\/index.php\/2013\/10\/29\/so-safran-foodbiotic-et-meme-que-je-suis-dedans\/#primaryimage\"},\"thumbnailUrl\":\"https:\/\/latambouilledebouille.com\/wp-content\/uploads\/2013\/10\/91031739-1.jpg\",\"keywords\":[\"apero\",\"blogueuse\",\"bouilledegum\",\"cuisine\",\"cupcake\",\"dessert\",\"eau de safran\",\"fleur d'oranger\",\"foodbiotic\",\"girly\",\"livre\",\"livres\",\"parution\",\"p\u00e9toncles\",\"poireaux\",\"safran\",\"so safran\",\"tambouille de bouille\"],\"articleSection\":[\"livres\"],\"inLanguage\":\"fr-FR\",\"potentialAction\":[{\"@type\":\"CommentAction\",\"name\":\"Comment\",\"target\":[\"https:\/\/latambouilledebouille.com\/index.php\/2013\/10\/29\/so-safran-foodbiotic-et-meme-que-je-suis-dedans\/#respond\"]}]},{\"@type\":\"WebPage\",\"@id\":\"https:\/\/latambouilledebouille.com\/index.php\/2013\/10\/29\/so-safran-foodbiotic-et-meme-que-je-suis-dedans\/\",\"url\":\"https:\/\/latambouilledebouille.com\/index.php\/2013\/10\/29\/so-safran-foodbiotic-et-meme-que-je-suis-dedans\/\",\"name\":\"So Safran @Foodbiotic et m\u00eame que je suis dedans!! - La tambouille de Bouille\",\"isPartOf\":{\"@id\":\"https:\/\/latambouilledebouille.com\/#website\"},\"primaryImageOfPage\":{\"@id\":\"https:\/\/latambouilledebouille.com\/index.php\/2013\/10\/29\/so-safran-foodbiotic-et-meme-que-je-suis-dedans\/#primaryimage\"},\"image\":{\"@id\":\"https:\/\/latambouilledebouille.com\/index.php\/2013\/10\/29\/so-safran-foodbiotic-et-meme-que-je-suis-dedans\/#primaryimage\"},\"thumbnailUrl\":\"https:\/\/latambouilledebouille.com\/wp-content\/uploads\/2013\/10\/91031739-1.jpg\",\"datePublished\":\"2013-10-29T12:27:00+00:00\",\"dateModified\":\"2013-10-29T12:27:00+00:00\",\"breadcrumb\":{\"@id\":\"https:\/\/latambouilledebouille.com\/index.php\/2013\/10\/29\/so-safran-foodbiotic-et-meme-que-je-suis-dedans\/#breadcrumb\"},\"inLanguage\":\"fr-FR\",\"potentialAction\":[{\"@type\":\"ReadAction\",\"target\":[\"https:\/\/latambouilledebouille.com\/index.php\/2013\/10\/29\/so-safran-foodbiotic-et-meme-que-je-suis-dedans\/\"]}]},{\"@type\":\"ImageObject\",\"inLanguage\":\"fr-FR\",\"@id\":\"https:\/\/latambouilledebouille.com\/index.php\/2013\/10\/29\/so-safran-foodbiotic-et-meme-que-je-suis-dedans\/#primaryimage\",\"url\":\"https:\/\/i0.wp.com\/latambouilledebouille.com\/wp-content\/uploads\/2013\/10\/91031739-1.jpg?fit=800%2C776&ssl=1\",\"contentUrl\":\"https:\/\/i0.wp.com\/latambouilledebouille.com\/wp-content\/uploads\/2013\/10\/91031739-1.jpg?fit=800%2C776&ssl=1\",\"width\":800,\"height\":776},{\"@type\":\"BreadcrumbList\",\"@id\":\"https:\/\/latambouilledebouille.com\/index.php\/2013\/10\/29\/so-safran-foodbiotic-et-meme-que-je-suis-dedans\/#breadcrumb\",\"itemListElement\":[{\"@type\":\"ListItem\",\"position\":1,\"name\":\"Accueil\",\"item\":\"https:\/\/latambouilledebouille.com\/\"},{\"@type\":\"ListItem\",\"position\":2,\"name\":\"So Safran @Foodbiotic et m\u00eame que je suis dedans!!\"}]},{\"@type\":\"WebSite\",\"@id\":\"https:\/\/latambouilledebouille.com\/#website\",\"url\":\"https:\/\/latambouilledebouille.com\/\",\"name\":\"La tambouille de Bouille\",\"description\":\"De la gourmandise sucr\u00e9e, sal\u00e9e, avec une pinc\u00e9e de fantaisie\",\"publisher\":{\"@id\":\"https:\/\/latambouilledebouille.com\/#\/schema\/person\/60a785d85a273d47d213dd39e49799d2\"},\"potentialAction\":[{\"@type\":\"SearchAction\",\"target\":{\"@type\":\"EntryPoint\",\"urlTemplate\":\"https:\/\/latambouilledebouille.com\/?s={search_term_string}\"},\"query-input\":{\"@type\":\"PropertyValueSpecification\",\"valueRequired\":true,\"valueName\":\"search_term_string\"}}],\"inLanguage\":\"fr-FR\"},{\"@type\":[\"Person\",\"Organization\"],\"@id\":\"https:\/\/latambouilledebouille.com\/#\/schema\/person\/60a785d85a273d47d213dd39e49799d2\",\"name\":\"BouilledeGum\",\"image\":{\"@type\":\"ImageObject\",\"inLanguage\":\"fr-FR\",\"@id\":\"https:\/\/latambouilledebouille.com\/#\/schema\/person\/image\/\",\"url\":\"https:\/\/secure.gravatar.com\/avatar\/2b559a9357377a79331e346651242fa8?s=96&d=mm&r=g\",\"contentUrl\":\"https:\/\/secure.gravatar.com\/avatar\/2b559a9357377a79331e346651242fa8?s=96&d=mm&r=g\",\"caption\":\"BouilledeGum\"},\"logo\":{\"@id\":\"https:\/\/latambouilledebouille.com\/#\/schema\/person\/image\/\"},\"sameAs\":[\"https:\/\/latambouilledebouille.com\"],\"url\":\"https:\/\/latambouilledebouille.com\/index.php\/author\/bouilledegum\/\"}]}<\/script>\n<!-- \/ Yoast SEO Premium plugin. -->","yoast_head_json":{"title":"So Safran @Foodbiotic et m\u00eame que je suis dedans!! - La tambouille de Bouille","robots":{"index":"index","follow":"follow","max-snippet":"max-snippet:-1","max-image-preview":"max-image-preview:large","max-video-preview":"max-video-preview:-1"},"canonical":"https:\/\/latambouilledebouille.com\/index.php\/2013\/10\/29\/so-safran-foodbiotic-et-meme-que-je-suis-dedans\/","og_locale":"fr_FR","og_type":"article","og_title":"So Safran @Foodbiotic et m\u00eame que je suis dedans!!","og_description":"Bonjour Bonjour!! Aujourd&rsquo;hui je viens vous raconter une petite histoire, une histoire avec de la passion, de la cuisine, du safran et des blogueurs&hellip; J&rsquo;esp&egrave;re qu&rsquo;elle vous plaira Il &eacute;tait une fois, au d&eacute;but de l&rsquo;ann&eacute;e 2013, ma bo&icirc;te mail m&rsquo;offrit un v&eacute;ritable grand 8 &eacute;motionnel. Juste un mail, quelques mots &eacute;crient noir sur blanc&hellip; [&hellip;]","og_url":"https:\/\/latambouilledebouille.com\/index.php\/2013\/10\/29\/so-safran-foodbiotic-et-meme-que-je-suis-dedans\/","og_site_name":"La tambouille de Bouille","article_published_time":"2013-10-29T12:27:00+00:00","og_image":[{"url":"https:\/\/latambouilledebouille.com\/wp-content\/uploads\/2013\/10\/91031739-1.jpg","type":"","width":"","height":""}],"author":"BouilledeGum","twitter_card":"summary_large_image","twitter_misc":{"\u00c9crit par":"BouilledeGum","Dur\u00e9e de lecture estim\u00e9e":"7 minutes"},"schema":{"@context":"https:\/\/schema.org","@graph":[{"@type":"Article","@id":"https:\/\/latambouilledebouille.com\/index.php\/2013\/10\/29\/so-safran-foodbiotic-et-meme-que-je-suis-dedans\/#article","isPartOf":{"@id":"https:\/\/latambouilledebouille.com\/index.php\/2013\/10\/29\/so-safran-foodbiotic-et-meme-que-je-suis-dedans\/"},"author":{"name":"BouilledeGum","@id":"https:\/\/latambouilledebouille.com\/#\/schema\/person\/60a785d85a273d47d213dd39e49799d2"},"headline":"So Safran @Foodbiotic et m\u00eame que je suis dedans!!","datePublished":"2013-10-29T12:27:00+00:00","dateModified":"2013-10-29T12:27:00+00:00","mainEntityOfPage":{"@id":"https:\/\/latambouilledebouille.com\/index.php\/2013\/10\/29\/so-safran-foodbiotic-et-meme-que-je-suis-dedans\/"},"wordCount":1479,"commentCount":4,"publisher":{"@id":"https:\/\/latambouilledebouille.com\/#\/schema\/person\/60a785d85a273d47d213dd39e49799d2"},"image":{"@id":"https:\/\/latambouilledebouille.com\/index.php\/2013\/10\/29\/so-safran-foodbiotic-et-meme-que-je-suis-dedans\/#primaryimage"},"thumbnailUrl":"https:\/\/latambouilledebouille.com\/wp-content\/uploads\/2013\/10\/91031739-1.jpg","keywords":["apero","blogueuse","bouilledegum","cuisine","cupcake","dessert","eau de safran","fleur d'oranger","foodbiotic","girly","livre","livres","parution","p\u00e9toncles","poireaux","safran","so safran","tambouille de bouille"],"articleSection":["livres"],"inLanguage":"fr-FR","potentialAction":[{"@type":"CommentAction","name":"Comment","target":["https:\/\/latambouilledebouille.com\/index.php\/2013\/10\/29\/so-safran-foodbiotic-et-meme-que-je-suis-dedans\/#respond"]}]},{"@type":"WebPage","@id":"https:\/\/latambouilledebouille.com\/index.php\/2013\/10\/29\/so-safran-foodbiotic-et-meme-que-je-suis-dedans\/","url":"https:\/\/latambouilledebouille.com\/index.php\/2013\/10\/29\/so-safran-foodbiotic-et-meme-que-je-suis-dedans\/","name":"So Safran @Foodbiotic et m\u00eame que je suis dedans!! - La tambouille de Bouille","isPartOf":{"@id":"https:\/\/latambouilledebouille.com\/#website"},"primaryImageOfPage":{"@id":"https:\/\/latambouilledebouille.com\/index.php\/2013\/10\/29\/so-safran-foodbiotic-et-meme-que-je-suis-dedans\/#primaryimage"},"image":{"@id":"https:\/\/latambouilledebouille.com\/index.php\/2013\/10\/29\/so-safran-foodbiotic-et-meme-que-je-suis-dedans\/#primaryimage"},"thumbnailUrl":"https:\/\/latambouilledebouille.com\/wp-content\/uploads\/2013\/10\/91031739-1.jpg","datePublished":"2013-10-29T12:27:00+00:00","dateModified":"2013-10-29T12:27:00+00:00","breadcrumb":{"@id":"https:\/\/latambouilledebouille.com\/index.php\/2013\/10\/29\/so-safran-foodbiotic-et-meme-que-je-suis-dedans\/#breadcrumb"},"inLanguage":"fr-FR","potentialAction":[{"@type":"ReadAction","target":["https:\/\/latambouilledebouille.com\/index.php\/2013\/10\/29\/so-safran-foodbiotic-et-meme-que-je-suis-dedans\/"]}]},{"@type":"ImageObject","inLanguage":"fr-FR","@id":"https:\/\/latambouilledebouille.com\/index.php\/2013\/10\/29\/so-safran-foodbiotic-et-meme-que-je-suis-dedans\/#primaryimage","url":"https:\/\/i0.wp.com\/latambouilledebouille.com\/wp-content\/uploads\/2013\/10\/91031739-1.jpg?fit=800%2C776&ssl=1","contentUrl":"https:\/\/i0.wp.com\/latambouilledebouille.com\/wp-content\/uploads\/2013\/10\/91031739-1.jpg?fit=800%2C776&ssl=1","width":800,"height":776},{"@type":"BreadcrumbList","@id":"https:\/\/latambouilledebouille.com\/index.php\/2013\/10\/29\/so-safran-foodbiotic-et-meme-que-je-suis-dedans\/#breadcrumb","itemListElement":[{"@type":"ListItem","position":1,"name":"Accueil","item":"https:\/\/latambouilledebouille.com\/"},{"@type":"ListItem","position":2,"name":"So Safran @Foodbiotic et m\u00eame que je suis dedans!!"}]},{"@type":"WebSite","@id":"https:\/\/latambouilledebouille.com\/#website","url":"https:\/\/latambouilledebouille.com\/","name":"La tambouille de Bouille","description":"De la gourmandise sucr\u00e9e, sal\u00e9e, avec une pinc\u00e9e de fantaisie","publisher":{"@id":"https:\/\/latambouilledebouille.com\/#\/schema\/person\/60a785d85a273d47d213dd39e49799d2"},"potentialAction":[{"@type":"SearchAction","target":{"@type":"EntryPoint","urlTemplate":"https:\/\/latambouilledebouille.com\/?s={search_term_string}"},"query-input":{"@type":"PropertyValueSpecification","valueRequired":true,"valueName":"search_term_string"}}],"inLanguage":"fr-FR"},{"@type":["Person","Organization"],"@id":"https:\/\/latambouilledebouille.com\/#\/schema\/person\/60a785d85a273d47d213dd39e49799d2","name":"BouilledeGum","image":{"@type":"ImageObject","inLanguage":"fr-FR","@id":"https:\/\/latambouilledebouille.com\/#\/schema\/person\/image\/","url":"https:\/\/secure.gravatar.com\/avatar\/2b559a9357377a79331e346651242fa8?s=96&d=mm&r=g","contentUrl":"https:\/\/secure.gravatar.com\/avatar\/2b559a9357377a79331e346651242fa8?s=96&d=mm&r=g","caption":"BouilledeGum"},"logo":{"@id":"https:\/\/latambouilledebouille.com\/#\/schema\/person\/image\/"},"sameAs":["https:\/\/latambouilledebouille.com"],"url":"https:\/\/latambouilledebouille.com\/index.php\/author\/bouilledegum\/"}]}},"jetpack_featured_media_url":"","jetpack_sharing_enabled":true,"_links":{"self":[{"href":"https:\/\/latambouilledebouille.com\/index.php\/wp-json\/wp\/v2\/posts\/2018","targetHints":{"allow":["GET"]}}],"collection":[{"href":"https:\/\/latambouilledebouille.com\/index.php\/wp-json\/wp\/v2\/posts"}],"about":[{"href":"https:\/\/latambouilledebouille.com\/index.php\/wp-json\/wp\/v2\/types\/post"}],"author":[{"embeddable":true,"href":"https:\/\/latambouilledebouille.com\/index.php\/wp-json\/wp\/v2\/users\/2"}],"replies":[{"embeddable":true,"href":"https:\/\/latambouilledebouille.com\/index.php\/wp-json\/wp\/v2\/comments?post=2018"}],"version-history":[{"count":0,"href":"https:\/\/latambouilledebouille.com\/index.php\/wp-json\/wp\/v2\/posts\/2018\/revisions"}],"wp:attachment":[{"href":"https:\/\/latambouilledebouille.com\/index.php\/wp-json\/wp\/v2\/media?parent=2018"}],"wp:term":[{"taxonomy":"category","embeddable":true,"href":"https:\/\/latambouilledebouille.com\/index.php\/wp-json\/wp\/v2\/categories?post=2018"},{"taxonomy":"post_tag","embeddable":true,"href":"https:\/\/latambouilledebouille.com\/index.php\/wp-json\/wp\/v2\/tags?post=2018"}],"curies":[{"name":"wp","href":"https:\/\/api.w.org\/{rel}","templated":true}]}}