{"id":1596,"date":"2015-03-17T21:41:00","date_gmt":"2015-03-17T20:41:00","guid":{"rendered":"https:\/\/latambouilledebouille.com\/index.php\/2015\/03\/17\/tarte-aux-poireaux-et-mozzarella\/"},"modified":"2015-03-17T21:41:00","modified_gmt":"2015-03-17T20:41:00","slug":"tarte-aux-poireaux-et-mozzarella","status":"publish","type":"post","link":"https:\/\/latambouilledebouille.com\/index.php\/2015\/03\/17\/tarte-aux-poireaux-et-mozzarella\/","title":{"rendered":"Tarte aux poireaux et mozzarella"},"content":{"rendered":"<div>\n<div class=\"articlebody\" itemprop=\"articleBody\">\n<p>Bonjour les gourmands!<\/p>\n<p>J&#8217;esp&eacute;re que vous allez bien, ici le d&eacute;but de semaine a &eacute;t&eacute; plut&ocirc;t chaotique, mais bon, je suis en mode repos aujourd&#8217;hui donc tout va bien!<\/p>\n<p>On se retrouve aujourd&#8217;hui pour une recette toute simple mais savoureuse, une tarte poireaux et mozzarella.<\/p>\n<p>Rapide, simple, doux, bon bref, que du positif pour cette recette qui devrait ravir petits et grands!<\/p>\n<p>Parfait pour le soir, puisque ce plat n&#8217;est pas lourd du tout, accompagn&eacute; d&#8217;une bonne salade verte se sera impeccable!<\/p>\n<p>Id&eacute;al pour les soirs o&ugrave; on a pas trop envie de cuisiner, que l&#8217;on a envie de manger vite mais bien (au lieu de sortir une pizza du cong&eacute;lo :D), bon et &eacute;quilibr&eacute; que demander de plus?<\/p>\n<p>Pour les personnes qui le souhaitent vous pouvez utiliser des produits all&eacute;g&eacute;s, c&#8217;est vous qui voyiez! (personnellement je ne suis pas vraiment adepte de ce genre de produit mais la curiosit&eacute; a &eacute;t&eacute; plus forte et la p&acirc;te feuillet&eacute;e ici, est une all&eacute;g&eacute;e. Je dois dire que c&#8217;&eacute;tait tr&egrave;s bien!)<\/p>\n<p>Il ne vous faudra pas non plus des masses d&#8217;ingr&eacute;dients donc, vous n&#8217;avez aucune raison de ne pas vous y mettre (sauf bien entendu si vous n&#8217;aimez pas les poireaux ah ah ah)<\/p>\n<p>Si vous avez envie de d&eacute;couvrir ou re-d&eacute;couvrir d&#8217;autres tartes sal&eacute;s je vous propose ma <a href=\"https:\/\/latambouilledebouille.com\/index.php\/2013\/07\/23\/tarte-au-thon-express-a-deguster-chaude-ou-froide\/\" target=\"_blank\">tarte au thon express<\/a> et ma <a href=\"https:\/\/latambouilledebouille.com\/index.php\/2013\/07\/24\/tarte-maroilles-express\/\" target=\"_blank\">tarte Maroilles<\/a>. Et oui, chez Bouille on trouve de tout!! \ud83d\ude42&nbsp;<\/p>\n<p>Alors, on y va?<\/p>\n<p>&nbsp;<\/p>\n<p><img data-recalc-dims=\"1\" decoding=\"async\" src=\"https:\/\/i0.wp.com\/latambouilledebouille.com\/wp-content\/uploads\/2015\/03\/102905822-1.jpg?w=1200&#038;ssl=1\" border=\"0\" alt=\"tarte-poireaux-mozzarella\" class=\"widthadapted nonealign\"><\/p>\n<p>&nbsp;<\/p>\n<p><span style=\"text-decoration: underline;\">INGR&Eacute;DIENTS:<\/span><\/p>\n<p>&#8211; 1 rouleau de p&acirc;te feuillet&eacute;e<\/p>\n<p>&#8211; 2 poireaux<\/p>\n<p>&#8211; 2 &eacute;chalotes<\/p>\n<p>&#8211; beurre<\/p>\n<p>&#8211; 2 cuill&egrave;res &agrave; soupe de cr&egrave;me fra&icirc;che<\/p>\n<p>&#8211; sel<\/p>\n<p>&#8211; poivre<\/p>\n<p>&#8211; ciboulette<\/p>\n<p>&#8211; 1 boule de mozzarella<\/p>\n<p>&nbsp;<\/p>\n<p><img data-recalc-dims=\"1\" decoding=\"async\" src=\"https:\/\/i0.wp.com\/latambouilledebouille.com\/wp-content\/uploads\/2015\/03\/102905855-1.jpg?w=1200&#038;ssl=1\" border=\"0\" alt=\"tarte-poireaux-mozza\" class=\"widthadapted nonealign\"><\/p>\n<p>&nbsp;<\/p>\n<p>On commence par faire cuire &agrave; blanc la p&acirc;te quelques minutes &agrave; 200&deg;, puis r&eacute;server (en dehors du four!).<\/p>\n<p>&Eacute;plucher et &eacute;mincer les &eacute;chalotes, les faire revenir dans un peu de beurre (un peu j&#8217;ai dit!).<\/p>\n<p>Bien laver les poireaux et les couper en rondelles.<\/p>\n<p>Ajouter dans la po&ecirc;le avec un peu d&#8217;eau. (on peut &eacute;galement ajouter un bouillon de l&eacute;gumes type marmite de bouillon)<\/p>\n<p>Laisser cuire quelques minutes afin que les poireaux deviennent fondant.<\/p>\n<p>Une fois que c&#8217;est fait, ajouter de la ciboulette cisel&eacute;e (on peut utiliser de la ciboulette s&eacute;ch&eacute;e), la cr&egrave;me fra&icirc;che, sel, poivre.<\/p>\n<p>R&eacute;partir sur la p&acirc;te.<\/p>\n<p>Effilocher la mozzarella sur votre m&eacute;lange et enfourner pour 20 minutes &agrave; 200&deg;.<\/p>\n<p>Servir chaud avec une salade.<\/p>\n<p>Bon app&eacute;tit!!<\/p>\n<p>Ces jours-ci il faut absolument que je m&#8217;attaque &agrave; l<a href=\"http:\/\/tambouillebouill.canalblog.com\/pages\/index%2Ddes%2Drecettes\/26995841.html\" target=\"_blank\">&#8216;index des recettes<\/a>&#8230; il n&#8217;est m&ecirc;me plus &agrave; jour, la honte! ah ah ah<\/p>\n<p>A bient&ocirc;t<\/p>\n<p>&nbsp;<\/p>\n<p><img data-recalc-dims=\"1\" decoding=\"async\" src=\"https:\/\/i0.wp.com\/p5.storage.canalblog.com\/54\/62\/1087275\/102754042.to_resize_150x3000.jpg?w=1200&#038;ssl=1\" border=\"0\" alt=\"signatureblog\" class=\"width150 rightalign\"><\/p>\n<p>&nbsp;<\/p>\n<p>&nbsp;<\/p>\n<p>&nbsp;<\/p>\n<p>&nbsp;<\/p>\n<p>&nbsp;<\/p>\n<p>&nbsp;<\/p>\n<p>Vous pouvez me retrouver sur&nbsp;<a href=\"https:\/\/instagram.com\/bouilledegum\/\" target=\"_blank\">INSTAGRAM<\/a>,&nbsp;<a href=\"https:\/\/www.facebook.com\/LaTambouilleDeBouille?ref=hl\" target=\"_blank\">FACEBOOK<\/a>,&nbsp;<a href=\"https:\/\/twitter.com\/BouilledeGum\" target=\"_blank\">TWITTER<\/a>,&nbsp;<a href=\"http:\/\/www.hellocoton.fr\/mapage\/tambouilledebouille\" target=\"_blank\">HELLOCOTON<\/a>&nbsp;et&nbsp;<a href=\"http:\/\/www.inspilia.fr\/membre\/latambouilledebouille\" target=\"_blank\">INSPILIA<\/a><\/p>\n<p>N&#8217;h&eacute;sitez pas &agrave; vous abonner au blog aussi \ud83d\ude09 C&#8217;est dans la colonne de droite \ud83d\ude42<\/p>\n<p>Et si vous cherchez une recette il y a l&#8217;index des recettes et un outil recherche \ud83d\ude42 (toujours dans la colonne de droite)<\/p>\n<div style=\"clear:both;\"><\/div>\n<\/div>\n<\/div>\n","protected":false},"excerpt":{"rendered":"<p>Bonjour les gourmands! J&#8217;esp&eacute;re que vous allez bien, ici le d&eacute;but de semaine a &eacute;t&eacute; plut&ocirc;t chaotique, mais bon, je suis en mode repos aujourd&#8217;hui donc tout va bien! On se retrouve aujourd&#8217;hui pour une recette toute simple mais savoureuse, une tarte poireaux et mozzarella. Rapide, simple, doux, bon bref, que du positif pour cette [&hellip;]<\/p>\n","protected":false},"author":2,"featured_media":0,"comment_status":"open","ping_status":"open","sticky":false,"template":"","format":"standard","meta":{"_acf_changed":false,"sfsi_plus_gutenberg_text_before_share":"","sfsi_plus_gutenberg_show_text_before_share":"","sfsi_plus_gutenberg_icon_type":"","sfsi_plus_gutenberg_icon_alignemt":"","sfsi_plus_gutenburg_max_per_row":"","_jetpack_memberships_contains_paid_content":false,"footnotes":""},"categories":[1021],"tags":[329,566,698,746,753,808,890,893],"class_list":["post-1596","post","type-post","status-publish","format-standard","hentry","category-tarte-salee-quiche","tag-facile","tag-mozzarella","tag-poireaux","tag-quiche","tag-rapide","tag-sale","tag-tarte","tag-tarte-salee"],"acf":[],"yoast_head":"<!-- This site is optimized with the Yoast SEO Premium plugin v24.0 (Yoast SEO v24.0) - https:\/\/yoast.com\/wordpress\/plugins\/seo\/ -->\n<title>Tarte aux poireaux et mozzarella - La tambouille de Bouille<\/title>\n<meta name=\"robots\" content=\"index, follow, max-snippet:-1, max-image-preview:large, max-video-preview:-1\" \/>\n<link rel=\"canonical\" href=\"https:\/\/latambouilledebouille.com\/index.php\/2015\/03\/17\/tarte-aux-poireaux-et-mozzarella\/\" \/>\n<meta property=\"og:locale\" content=\"fr_FR\" \/>\n<meta property=\"og:type\" content=\"article\" \/>\n<meta property=\"og:title\" content=\"Tarte aux poireaux et mozzarella\" \/>\n<meta property=\"og:description\" content=\"Bonjour les gourmands! J&#8217;esp&eacute;re que vous allez bien, ici le d&eacute;but de semaine a &eacute;t&eacute; plut&ocirc;t chaotique, mais bon, je suis en mode repos aujourd&#8217;hui donc tout va bien! On se retrouve aujourd&#8217;hui pour une recette toute simple mais savoureuse, une tarte poireaux et mozzarella. Rapide, simple, doux, bon bref, que du positif pour cette [&hellip;]\" \/>\n<meta property=\"og:url\" content=\"https:\/\/latambouilledebouille.com\/index.php\/2015\/03\/17\/tarte-aux-poireaux-et-mozzarella\/\" \/>\n<meta property=\"og:site_name\" content=\"La tambouille de Bouille\" \/>\n<meta property=\"article:published_time\" content=\"2015-03-17T20:41:00+00:00\" \/>\n<meta property=\"og:image\" content=\"https:\/\/latambouilledebouille.com\/wp-content\/uploads\/2015\/03\/102905822-1.jpg\" \/>\n<meta name=\"author\" content=\"BouilledeGum\" \/>\n<meta name=\"twitter:card\" content=\"summary_large_image\" \/>\n<meta name=\"twitter:label1\" content=\"\u00c9crit par\" \/>\n\t<meta name=\"twitter:data1\" content=\"BouilledeGum\" \/>\n\t<meta name=\"twitter:label2\" content=\"Dur\u00e9e de lecture estim\u00e9e\" \/>\n\t<meta name=\"twitter:data2\" content=\"3 minutes\" \/>\n<script type=\"application\/ld+json\" class=\"yoast-schema-graph\">{\"@context\":\"https:\/\/schema.org\",\"@graph\":[{\"@type\":\"Article\",\"@id\":\"https:\/\/latambouilledebouille.com\/index.php\/2015\/03\/17\/tarte-aux-poireaux-et-mozzarella\/#article\",\"isPartOf\":{\"@id\":\"https:\/\/latambouilledebouille.com\/index.php\/2015\/03\/17\/tarte-aux-poireaux-et-mozzarella\/\"},\"author\":{\"name\":\"BouilledeGum\",\"@id\":\"https:\/\/latambouilledebouille.com\/#\/schema\/person\/60a785d85a273d47d213dd39e49799d2\"},\"headline\":\"Tarte aux poireaux et mozzarella\",\"datePublished\":\"2015-03-17T20:41:00+00:00\",\"dateModified\":\"2015-03-17T20:41:00+00:00\",\"mainEntityOfPage\":{\"@id\":\"https:\/\/latambouilledebouille.com\/index.php\/2015\/03\/17\/tarte-aux-poireaux-et-mozzarella\/\"},\"wordCount\":573,\"commentCount\":4,\"publisher\":{\"@id\":\"https:\/\/latambouilledebouille.com\/#\/schema\/person\/60a785d85a273d47d213dd39e49799d2\"},\"image\":{\"@id\":\"https:\/\/latambouilledebouille.com\/index.php\/2015\/03\/17\/tarte-aux-poireaux-et-mozzarella\/#primaryimage\"},\"thumbnailUrl\":\"https:\/\/latambouilledebouille.com\/wp-content\/uploads\/2015\/03\/102905822-1.jpg\",\"keywords\":[\"facile\",\"mozzarella\",\"poireaux\",\"quiche\",\"rapide\",\"sal\u00e9\",\"tarte\",\"tarte sal\u00e9e\"],\"articleSection\":[\"Tarte sal\u00e9e, quiche\"],\"inLanguage\":\"fr-FR\",\"potentialAction\":[{\"@type\":\"CommentAction\",\"name\":\"Comment\",\"target\":[\"https:\/\/latambouilledebouille.com\/index.php\/2015\/03\/17\/tarte-aux-poireaux-et-mozzarella\/#respond\"]}]},{\"@type\":\"WebPage\",\"@id\":\"https:\/\/latambouilledebouille.com\/index.php\/2015\/03\/17\/tarte-aux-poireaux-et-mozzarella\/\",\"url\":\"https:\/\/latambouilledebouille.com\/index.php\/2015\/03\/17\/tarte-aux-poireaux-et-mozzarella\/\",\"name\":\"Tarte aux poireaux et mozzarella - La tambouille de Bouille\",\"isPartOf\":{\"@id\":\"https:\/\/latambouilledebouille.com\/#website\"},\"primaryImageOfPage\":{\"@id\":\"https:\/\/latambouilledebouille.com\/index.php\/2015\/03\/17\/tarte-aux-poireaux-et-mozzarella\/#primaryimage\"},\"image\":{\"@id\":\"https:\/\/latambouilledebouille.com\/index.php\/2015\/03\/17\/tarte-aux-poireaux-et-mozzarella\/#primaryimage\"},\"thumbnailUrl\":\"https:\/\/latambouilledebouille.com\/wp-content\/uploads\/2015\/03\/102905822-1.jpg\",\"datePublished\":\"2015-03-17T20:41:00+00:00\",\"dateModified\":\"2015-03-17T20:41:00+00:00\",\"breadcrumb\":{\"@id\":\"https:\/\/latambouilledebouille.com\/index.php\/2015\/03\/17\/tarte-aux-poireaux-et-mozzarella\/#breadcrumb\"},\"inLanguage\":\"fr-FR\",\"potentialAction\":[{\"@type\":\"ReadAction\",\"target\":[\"https:\/\/latambouilledebouille.com\/index.php\/2015\/03\/17\/tarte-aux-poireaux-et-mozzarella\/\"]}]},{\"@type\":\"ImageObject\",\"inLanguage\":\"fr-FR\",\"@id\":\"https:\/\/latambouilledebouille.com\/index.php\/2015\/03\/17\/tarte-aux-poireaux-et-mozzarella\/#primaryimage\",\"url\":\"https:\/\/i0.wp.com\/latambouilledebouille.com\/wp-content\/uploads\/2015\/03\/102905822-1.jpg?fit=800%2C539&ssl=1\",\"contentUrl\":\"https:\/\/i0.wp.com\/latambouilledebouille.com\/wp-content\/uploads\/2015\/03\/102905822-1.jpg?fit=800%2C539&ssl=1\",\"width\":800,\"height\":539},{\"@type\":\"BreadcrumbList\",\"@id\":\"https:\/\/latambouilledebouille.com\/index.php\/2015\/03\/17\/tarte-aux-poireaux-et-mozzarella\/#breadcrumb\",\"itemListElement\":[{\"@type\":\"ListItem\",\"position\":1,\"name\":\"Accueil\",\"item\":\"https:\/\/latambouilledebouille.com\/\"},{\"@type\":\"ListItem\",\"position\":2,\"name\":\"Tarte aux poireaux et mozzarella\"}]},{\"@type\":\"WebSite\",\"@id\":\"https:\/\/latambouilledebouille.com\/#website\",\"url\":\"https:\/\/latambouilledebouille.com\/\",\"name\":\"La tambouille de Bouille\",\"description\":\"De la gourmandise sucr\u00e9e, sal\u00e9e, avec une pinc\u00e9e de fantaisie\",\"publisher\":{\"@id\":\"https:\/\/latambouilledebouille.com\/#\/schema\/person\/60a785d85a273d47d213dd39e49799d2\"},\"potentialAction\":[{\"@type\":\"SearchAction\",\"target\":{\"@type\":\"EntryPoint\",\"urlTemplate\":\"https:\/\/latambouilledebouille.com\/?s={search_term_string}\"},\"query-input\":{\"@type\":\"PropertyValueSpecification\",\"valueRequired\":true,\"valueName\":\"search_term_string\"}}],\"inLanguage\":\"fr-FR\"},{\"@type\":[\"Person\",\"Organization\"],\"@id\":\"https:\/\/latambouilledebouille.com\/#\/schema\/person\/60a785d85a273d47d213dd39e49799d2\",\"name\":\"BouilledeGum\",\"image\":{\"@type\":\"ImageObject\",\"inLanguage\":\"fr-FR\",\"@id\":\"https:\/\/latambouilledebouille.com\/#\/schema\/person\/image\/\",\"url\":\"https:\/\/secure.gravatar.com\/avatar\/2b559a9357377a79331e346651242fa8?s=96&d=mm&r=g\",\"contentUrl\":\"https:\/\/secure.gravatar.com\/avatar\/2b559a9357377a79331e346651242fa8?s=96&d=mm&r=g\",\"caption\":\"BouilledeGum\"},\"logo\":{\"@id\":\"https:\/\/latambouilledebouille.com\/#\/schema\/person\/image\/\"},\"sameAs\":[\"https:\/\/latambouilledebouille.com\"],\"url\":\"https:\/\/latambouilledebouille.com\/index.php\/author\/bouilledegum\/\"}]}<\/script>\n<!-- \/ Yoast SEO Premium plugin. -->","yoast_head_json":{"title":"Tarte aux poireaux et mozzarella - La tambouille de Bouille","robots":{"index":"index","follow":"follow","max-snippet":"max-snippet:-1","max-image-preview":"max-image-preview:large","max-video-preview":"max-video-preview:-1"},"canonical":"https:\/\/latambouilledebouille.com\/index.php\/2015\/03\/17\/tarte-aux-poireaux-et-mozzarella\/","og_locale":"fr_FR","og_type":"article","og_title":"Tarte aux poireaux et mozzarella","og_description":"Bonjour les gourmands! J&#8217;esp&eacute;re que vous allez bien, ici le d&eacute;but de semaine a &eacute;t&eacute; plut&ocirc;t chaotique, mais bon, je suis en mode repos aujourd&#8217;hui donc tout va bien! On se retrouve aujourd&#8217;hui pour une recette toute simple mais savoureuse, une tarte poireaux et mozzarella. Rapide, simple, doux, bon bref, que du positif pour cette [&hellip;]","og_url":"https:\/\/latambouilledebouille.com\/index.php\/2015\/03\/17\/tarte-aux-poireaux-et-mozzarella\/","og_site_name":"La tambouille de Bouille","article_published_time":"2015-03-17T20:41:00+00:00","og_image":[{"url":"https:\/\/latambouilledebouille.com\/wp-content\/uploads\/2015\/03\/102905822-1.jpg","type":"","width":"","height":""}],"author":"BouilledeGum","twitter_card":"summary_large_image","twitter_misc":{"\u00c9crit par":"BouilledeGum","Dur\u00e9e de lecture estim\u00e9e":"3 minutes"},"schema":{"@context":"https:\/\/schema.org","@graph":[{"@type":"Article","@id":"https:\/\/latambouilledebouille.com\/index.php\/2015\/03\/17\/tarte-aux-poireaux-et-mozzarella\/#article","isPartOf":{"@id":"https:\/\/latambouilledebouille.com\/index.php\/2015\/03\/17\/tarte-aux-poireaux-et-mozzarella\/"},"author":{"name":"BouilledeGum","@id":"https:\/\/latambouilledebouille.com\/#\/schema\/person\/60a785d85a273d47d213dd39e49799d2"},"headline":"Tarte aux poireaux et mozzarella","datePublished":"2015-03-17T20:41:00+00:00","dateModified":"2015-03-17T20:41:00+00:00","mainEntityOfPage":{"@id":"https:\/\/latambouilledebouille.com\/index.php\/2015\/03\/17\/tarte-aux-poireaux-et-mozzarella\/"},"wordCount":573,"commentCount":4,"publisher":{"@id":"https:\/\/latambouilledebouille.com\/#\/schema\/person\/60a785d85a273d47d213dd39e49799d2"},"image":{"@id":"https:\/\/latambouilledebouille.com\/index.php\/2015\/03\/17\/tarte-aux-poireaux-et-mozzarella\/#primaryimage"},"thumbnailUrl":"https:\/\/latambouilledebouille.com\/wp-content\/uploads\/2015\/03\/102905822-1.jpg","keywords":["facile","mozzarella","poireaux","quiche","rapide","sal\u00e9","tarte","tarte sal\u00e9e"],"articleSection":["Tarte sal\u00e9e, quiche"],"inLanguage":"fr-FR","potentialAction":[{"@type":"CommentAction","name":"Comment","target":["https:\/\/latambouilledebouille.com\/index.php\/2015\/03\/17\/tarte-aux-poireaux-et-mozzarella\/#respond"]}]},{"@type":"WebPage","@id":"https:\/\/latambouilledebouille.com\/index.php\/2015\/03\/17\/tarte-aux-poireaux-et-mozzarella\/","url":"https:\/\/latambouilledebouille.com\/index.php\/2015\/03\/17\/tarte-aux-poireaux-et-mozzarella\/","name":"Tarte aux poireaux et mozzarella - La tambouille de Bouille","isPartOf":{"@id":"https:\/\/latambouilledebouille.com\/#website"},"primaryImageOfPage":{"@id":"https:\/\/latambouilledebouille.com\/index.php\/2015\/03\/17\/tarte-aux-poireaux-et-mozzarella\/#primaryimage"},"image":{"@id":"https:\/\/latambouilledebouille.com\/index.php\/2015\/03\/17\/tarte-aux-poireaux-et-mozzarella\/#primaryimage"},"thumbnailUrl":"https:\/\/latambouilledebouille.com\/wp-content\/uploads\/2015\/03\/102905822-1.jpg","datePublished":"2015-03-17T20:41:00+00:00","dateModified":"2015-03-17T20:41:00+00:00","breadcrumb":{"@id":"https:\/\/latambouilledebouille.com\/index.php\/2015\/03\/17\/tarte-aux-poireaux-et-mozzarella\/#breadcrumb"},"inLanguage":"fr-FR","potentialAction":[{"@type":"ReadAction","target":["https:\/\/latambouilledebouille.com\/index.php\/2015\/03\/17\/tarte-aux-poireaux-et-mozzarella\/"]}]},{"@type":"ImageObject","inLanguage":"fr-FR","@id":"https:\/\/latambouilledebouille.com\/index.php\/2015\/03\/17\/tarte-aux-poireaux-et-mozzarella\/#primaryimage","url":"https:\/\/i0.wp.com\/latambouilledebouille.com\/wp-content\/uploads\/2015\/03\/102905822-1.jpg?fit=800%2C539&ssl=1","contentUrl":"https:\/\/i0.wp.com\/latambouilledebouille.com\/wp-content\/uploads\/2015\/03\/102905822-1.jpg?fit=800%2C539&ssl=1","width":800,"height":539},{"@type":"BreadcrumbList","@id":"https:\/\/latambouilledebouille.com\/index.php\/2015\/03\/17\/tarte-aux-poireaux-et-mozzarella\/#breadcrumb","itemListElement":[{"@type":"ListItem","position":1,"name":"Accueil","item":"https:\/\/latambouilledebouille.com\/"},{"@type":"ListItem","position":2,"name":"Tarte aux poireaux et mozzarella"}]},{"@type":"WebSite","@id":"https:\/\/latambouilledebouille.com\/#website","url":"https:\/\/latambouilledebouille.com\/","name":"La tambouille de Bouille","description":"De la gourmandise sucr\u00e9e, sal\u00e9e, avec une pinc\u00e9e de fantaisie","publisher":{"@id":"https:\/\/latambouilledebouille.com\/#\/schema\/person\/60a785d85a273d47d213dd39e49799d2"},"potentialAction":[{"@type":"SearchAction","target":{"@type":"EntryPoint","urlTemplate":"https:\/\/latambouilledebouille.com\/?s={search_term_string}"},"query-input":{"@type":"PropertyValueSpecification","valueRequired":true,"valueName":"search_term_string"}}],"inLanguage":"fr-FR"},{"@type":["Person","Organization"],"@id":"https:\/\/latambouilledebouille.com\/#\/schema\/person\/60a785d85a273d47d213dd39e49799d2","name":"BouilledeGum","image":{"@type":"ImageObject","inLanguage":"fr-FR","@id":"https:\/\/latambouilledebouille.com\/#\/schema\/person\/image\/","url":"https:\/\/secure.gravatar.com\/avatar\/2b559a9357377a79331e346651242fa8?s=96&d=mm&r=g","contentUrl":"https:\/\/secure.gravatar.com\/avatar\/2b559a9357377a79331e346651242fa8?s=96&d=mm&r=g","caption":"BouilledeGum"},"logo":{"@id":"https:\/\/latambouilledebouille.com\/#\/schema\/person\/image\/"},"sameAs":["https:\/\/latambouilledebouille.com"],"url":"https:\/\/latambouilledebouille.com\/index.php\/author\/bouilledegum\/"}]}},"jetpack_featured_media_url":"","jetpack_sharing_enabled":true,"_links":{"self":[{"href":"https:\/\/latambouilledebouille.com\/index.php\/wp-json\/wp\/v2\/posts\/1596","targetHints":{"allow":["GET"]}}],"collection":[{"href":"https:\/\/latambouilledebouille.com\/index.php\/wp-json\/wp\/v2\/posts"}],"about":[{"href":"https:\/\/latambouilledebouille.com\/index.php\/wp-json\/wp\/v2\/types\/post"}],"author":[{"embeddable":true,"href":"https:\/\/latambouilledebouille.com\/index.php\/wp-json\/wp\/v2\/users\/2"}],"replies":[{"embeddable":true,"href":"https:\/\/latambouilledebouille.com\/index.php\/wp-json\/wp\/v2\/comments?post=1596"}],"version-history":[{"count":0,"href":"https:\/\/latambouilledebouille.com\/index.php\/wp-json\/wp\/v2\/posts\/1596\/revisions"}],"wp:attachment":[{"href":"https:\/\/latambouilledebouille.com\/index.php\/wp-json\/wp\/v2\/media?parent=1596"}],"wp:term":[{"taxonomy":"category","embeddable":true,"href":"https:\/\/latambouilledebouille.com\/index.php\/wp-json\/wp\/v2\/categories?post=1596"},{"taxonomy":"post_tag","embeddable":true,"href":"https:\/\/latambouilledebouille.com\/index.php\/wp-json\/wp\/v2\/tags?post=1596"}],"curies":[{"name":"wp","href":"https:\/\/api.w.org\/{rel}","templated":true}]}}