{"id":1524,"date":"2015-06-03T10:26:00","date_gmt":"2015-06-03T08:26:00","guid":{"rendered":"https:\/\/latambouilledebouille.com\/index.php\/2015\/06\/03\/exposition-flamands-et-hollandais-au-chateau-des-ducs-de-bretagne-a-nantes-le-voyage-a-nantes\/"},"modified":"2015-06-03T10:26:00","modified_gmt":"2015-06-03T08:26:00","slug":"exposition-flamands-et-hollandais-au-chateau-des-ducs-de-bretagne-a-nantes-le-voyage-a-nantes","status":"publish","type":"post","link":"https:\/\/latambouilledebouille.com\/index.php\/2015\/06\/03\/exposition-flamands-et-hollandais-au-chateau-des-ducs-de-bretagne-a-nantes-le-voyage-a-nantes\/","title":{"rendered":"Exposition Flamands et Hollandais au Ch\u00e2teau des Ducs de Bretagne \u00e0 Nantes &#8211; Le voyage \u00e0 Nantes"},"content":{"rendered":"<div>\n<div class=\"articlebody\" itemprop=\"articleBody\">\n<p>Hello mes gourmands favoris!<\/p>\n<p>On se retrouve aujourd&#8217;hui pour un article diff&eacute;rent, je vous emm&egrave;ne en vadrouille&#8230;.<\/p>\n<p>Vendredi dernier j&#8217;ai eu la chance d&#8217;&ecirc;tre invit&eacute;e &agrave; l&#8217;inauguration de l&#8217;exposition &#8220;Flamands et Hollandais&#8221; au <a href=\"http:\/\/www.chateaunantes.fr\/fr\" target=\"_blank\">Ch&acirc;teau des Ducs de Bretagne<\/a> &agrave; Nantes.<\/p>\n<p>Une exposition venant tout droit de la collection du mus&eacute;e des Beaux-Arts de Nantes (actuellement en travaux).<\/p>\n<p>Au programme de cette exposition, 65 oeuvres d&#8217;artistes vari&eacute;s, tel que Rubens, Jacob Van Oost l&#8217;Ancien, G&eacute;rard Douffet, Jan Brueghel&#8230; et pleins d&#8217;autres.<\/p>\n<p>Ayant fait de l&#8217;histoire des Arts, j&#8217;avais &eacute;tudi&eacute; quelques unes d&#8217;entre elles et c&#8217;&eacute;tait un r&eacute;el plaisir de les voir &#8220;en vrai&#8221;.<\/p>\n<p>D&eacute;j&agrave; rien que d&#8217;aller dans la cour du Ch&acirc;teau des Ducs est un plaisir!<\/p>\n<p><img data-recalc-dims=\"1\" decoding=\"async\" src=\"https:\/\/i0.wp.com\/latambouilledebouille.com\/wp-content\/uploads\/2015\/06\/104537449-1.jpg?w=1200&#038;ssl=1\" border=\"0\" alt=\"expo-nantes-lvan-2\" class=\"widthadapted nonealign\"><\/p>\n<p><img data-recalc-dims=\"1\" decoding=\"async\" src=\"https:\/\/i0.wp.com\/latambouilledebouille.com\/wp-content\/uploads\/2015\/06\/104537453-1.jpg?w=1200&#038;ssl=1\" border=\"0\" alt=\"chateaudesducs-nantes\" class=\"widthadapted nonealign\"><\/p>\n<p><img data-recalc-dims=\"1\" decoding=\"async\" src=\"https:\/\/i0.wp.com\/latambouilledebouille.com\/wp-content\/uploads\/2015\/06\/104537473-1.jpg?w=1200&#038;ssl=1\" border=\"0\" alt=\"chateaudesducs2\" class=\"widthadapted nonealign\"><\/p>\n<p>Il a &eacute;t&eacute; construit &agrave; la fin du 15&eacute;me si&egrave;cle par Fran&ccedil;ois II puis par sa fille Anne de Bretagne, qui a &eacute;t&eacute; 2 fois reine de France.<\/p>\n<p>Le ch&acirc;teau des Ducs de Bretagne est donc un ch&acirc;teau fort, devenu ch&acirc;teau royal &agrave; partir du 16&eacute;me si&egrave;cle (au cours des si&egrave;cles il a &eacute;galement servit de prison, caserne et d&#8217;arsenal). Il a &eacute;t&eacute; enti&egrave;rement restaur&eacute; et est devenu, de nos jours, le mus&eacute;e d&#8217;histoire de Nantes.<\/p>\n<p>Si vous venez sur Nantes je ne peux que vous encourager a visiter ce superbe ch&acirc;teau, remplis d&#8217;objets historiques mais dans une sc&eacute;nographie tr&egrave;s moderne qui devrait vous surprendre&#8230;. (la ville de Nantes et ses alentours sont tr&egrave;s surprenants de mani&egrave;re g&eacute;n&eacute;rale, j&#8217;adore!)<\/p>\n<p>Revenons &agrave; l&#8217;exposition.<\/p>\n<p>Comme dit plus haut, les oeuvres viennent du Mus&eacute;e des Beaux-Arts de Nantes actuellement en travaux (r&eacute;-ouverture fin 2016 normalement&#8230; j&#8217;ai h&acirc;te!), en partenariat avec <a href=\"http:\/\/www.levoyageanantes.fr\/fr\/\" target=\"_blank\">Le Voyage &agrave; Nantes<\/a> (dont je vous ai parl&eacute; l&#8217;ann&eacute;e derni&egrave;re en allant au <a href=\"https:\/\/latambouilledebouille.com\/index.php\/2014\/08\/23\/petit-tour-dans-le-jardin-des-plantes-de-nantes\/\" target=\"_blank\">jardin des plantes de Nantes<\/a>) qui aura lieu du 3 juillet au 30 Ao&ucirc;t cette ann&eacute;e et du Cr&eacute;dit Agricole (le partenaire officiel du Ch&acirc;teau).<\/p>\n<p>L&#8217;exposition a &eacute;t&eacute; r&eacute;alis&eacute; comme un parcours, pour bien diff&eacute;rencier les th&egrave;mes artistiques abord&eacute;s &agrave; cette p&eacute;riode, a savoir : la peinture d&#8217;histoire (Rubens par exemple) avec ses th&egrave;mes catholiques et protestants. (il est d&#8217;ailleurs tr&egrave;s int&eacute;ressant de saisir la diff&eacute;rence) puis le portrait avec de tr&egrave;s belles repr&eacute;sentations, les natures mortes, les paysages et la peintures d&icirc;tes de genre.<\/p>\n<p>La sc&eacute;nographie de l&#8217;exposition est tr&egrave;s int&eacute;ressante, tout est sur fond noir avec des cadres relativement impressionnant.<\/p>\n<p><img data-recalc-dims=\"1\" decoding=\"async\" src=\"https:\/\/i0.wp.com\/latambouilledebouille.com\/wp-content\/uploads\/2015\/06\/104537492-1.jpg?w=1200&#038;ssl=1\" border=\"0\" alt=\"expo-nantes\" class=\"widthadapted nonealign\"><\/p>\n<p>Ce qui m&#8217;a marqu&eacute; le plus, ce sont les d&eacute;tails et la minutie apport&eacute; aux oeuvres, certaines peintures (il s&#8217;agit de peinture &agrave; l&#8217;huile) sont toutes petites mais ont eu une richesse dans les d&eacute;tails r&eacute;ellement impressionnantes (j&#8217;ai particuli&egrave;rement appr&eacute;ci&eacute; Paysage aux piqueux de Jacques Fouqui&eacute;res, le retour de la chasse de Jan Brueghel l&#8217;Ancien et le paysage &agrave; la grosse tour de Jon Asselijn).<\/p>\n<p>Il y aussi le tableau de Rubens, gigantesque et un tableau que j&#8217;ai fortement appr&eacute;ci&eacute; (alors qu&#8217;il parle d&#8217;un th&egrave;me religieux&#8230; passons&#8230;) c&#8217;est la repr&eacute;sentation de La C&egrave;ne de G&eacute;rard Douffet. Tr&egrave;s loin de celle que tout le monde conna&icirc;t, tout en longueur, elle est ici plus &#8220;convivial&#8221; si &#8216;l&#8217;ont peut dire &ccedil;a comme &ccedil;a.<\/p>\n<p><img data-recalc-dims=\"1\" decoding=\"async\" src=\"https:\/\/i0.wp.com\/latambouilledebouille.com\/wp-content\/uploads\/2015\/06\/104537518-1.jpg?w=1200&#038;ssl=1\" border=\"0\" alt=\"expo-nantes-lvan-1\" class=\"widthadapted nonealign\"><\/p>\n<p>&nbsp;<\/p>\n<p>L&#8217;exposition peut s&#8217;accompagner d&#8217;une visite du ch&acirc;teau, ce qui devrait ravir petits et grands!<\/p>\n<p>L&#8217;exposition sera visible du 30 Mai au 30 Ao&ucirc;t 2015, elle est payante pour les plus de 18 ans (5&euro; en plein tarif)<\/p>\n<p>Je vous laisse aller voir le site du <a href=\"http:\/\/www.chateaunantes.fr\/fr\" target=\"_blank\">Ch&acirc;teau des Ducs de Bretagne<\/a> pour les infos pratiques, horaires d&#8217;ouvertures et tarifs ainsi que le site du <a href=\"http:\/\/www.levoyageanantes.fr\/fr\/\" target=\"_blank\">voyage &agrave; Nantes<\/a> pour vous tenir inform&eacute; de l&#8217;&eacute;dition 2015!<\/p>\n<p>Je vous souhaite une excellente fin de journ&eacute;e, j&#8217;esp&egrave;re vous avoir donn&eacute; envie d&#8217;aller voir l&#8217;exposition.<\/p>\n<p>A bient&ocirc;t pour une nouvelle recette!!<\/p>\n<p><strong><span><img data-recalc-dims=\"1\" decoding=\"async\" src=\"https:\/\/i0.wp.com\/p5.storage.canalblog.com\/59\/77\/1087275\/103971504.to_resize_150x3000.jpg?w=1200&#038;ssl=1\" border=\"0\" alt=\"signature\" class=\"width150 rightalign\"><\/span><\/strong><\/p>\n<p>&nbsp;<\/p>\n<p>&nbsp;<\/p>\n<p>&nbsp;<\/p>\n<div>\n<p style=\"text-align: center;\"><span style=\"color: #ff99cc;\"><strong><a href=\"https:\/\/www.facebook.com\/LaTambouilleDeBouille?ref=hl\" target=\"_blank\"><span style=\"color: #ff99cc;\">FACEBOOK<\/span><\/a> * <a href=\"https:\/\/instagram.com\/bouilledegum\/\" target=\"_blank\"><span style=\"color: #ff99cc;\">INSTAGRAM<\/span><\/a> * <a href=\"https:\/\/twitter.com\/BouilledeGum\" target=\"_blank\"><span style=\"color: #ff99cc;\">TWITTER<\/span><\/a> * <a href=\"http:\/\/www.hellocoton.fr\/mapage\/tambouilledebouille\" target=\"_blank\"><span style=\"color: #ff99cc;\">HELLOCOTON<\/span><\/a> * <a href=\"http:\/\/www.inspilia.fr\/membre\/latambouilledebouille\" target=\"_blank\"><span style=\"color: #ff99cc;\">INSPILIA<\/span><\/a> * <a href=\"https:\/\/www.pinterest.com\/bouilledegum\/\" target=\"_blank\"><span style=\"color: #ff99cc;\">PINTEREST <\/span><\/a> <\/strong><\/span><\/p>\n<\/div>\n<div><\/div>\n<div style=\"clear:both;\"><\/div>\n<\/div>\n<\/div>\n","protected":false},"excerpt":{"rendered":"<p>Hello mes gourmands favoris! On se retrouve aujourd&#8217;hui pour un article diff&eacute;rent, je vous emm&egrave;ne en vadrouille&#8230;. Vendredi dernier j&#8217;ai eu la chance d&#8217;&ecirc;tre invit&eacute;e &agrave; l&#8217;inauguration de l&#8217;exposition &#8220;Flamands et Hollandais&#8221; au Ch&acirc;teau des Ducs de Bretagne &agrave; Nantes. Une exposition venant tout droit de la collection du mus&eacute;e des Beaux-Arts de Nantes (actuellement [&hellip;]<\/p>\n","protected":false},"author":2,"featured_media":0,"comment_status":"open","ping_status":"open","sticky":false,"template":"","format":"standard","meta":{"_acf_changed":false,"sfsi_plus_gutenberg_text_before_share":"","sfsi_plus_gutenberg_show_text_before_share":"","sfsi_plus_gutenberg_icon_type":"","sfsi_plus_gutenberg_icon_alignemt":"","sfsi_plus_gutenburg_max_per_row":"","_jetpack_memberships_contains_paid_content":false,"footnotes":""},"categories":[1005],"tags":[1265,1266,1037,327,1267,1268,1269,578,1270,845],"class_list":["post-1524","post","type-post","status-publish","format-standard","hentry","category-en-balade","tag-chateau-des-ducs","tag-chateau-des-ducs-de-bretagne","tag-en-balade","tag-exposition","tag-hollandais-et-flamands","tag-le-voyage-a-nantes","tag-lvan","tag-nantes","tag-peinture","tag-sortie"],"acf":[],"yoast_head":"<!-- This site is optimized with the Yoast SEO Premium plugin v24.0 (Yoast SEO v24.0) - https:\/\/yoast.com\/wordpress\/plugins\/seo\/ -->\n<title>Exposition Flamands et Hollandais au Ch\u00e2teau des Ducs de Bretagne \u00e0 Nantes - Le voyage \u00e0 Nantes - La tambouille de Bouille<\/title>\n<meta name=\"robots\" content=\"index, follow, max-snippet:-1, max-image-preview:large, max-video-preview:-1\" \/>\n<link rel=\"canonical\" href=\"https:\/\/latambouilledebouille.com\/index.php\/2015\/06\/03\/exposition-flamands-et-hollandais-au-chateau-des-ducs-de-bretagne-a-nantes-le-voyage-a-nantes\/\" \/>\n<meta property=\"og:locale\" content=\"fr_FR\" \/>\n<meta property=\"og:type\" content=\"article\" \/>\n<meta property=\"og:title\" content=\"Exposition Flamands et Hollandais au Ch\u00e2teau des Ducs de Bretagne \u00e0 Nantes - Le voyage \u00e0 Nantes\" \/>\n<meta property=\"og:description\" content=\"Hello mes gourmands favoris! On se retrouve aujourd&#8217;hui pour un article diff&eacute;rent, je vous emm&egrave;ne en vadrouille&#8230;. Vendredi dernier j&#8217;ai eu la chance d&#8217;&ecirc;tre invit&eacute;e &agrave; l&#8217;inauguration de l&#8217;exposition &#8220;Flamands et Hollandais&#8221; au Ch&acirc;teau des Ducs de Bretagne &agrave; Nantes. Une exposition venant tout droit de la collection du mus&eacute;e des Beaux-Arts de Nantes (actuellement [&hellip;]\" \/>\n<meta property=\"og:url\" content=\"https:\/\/latambouilledebouille.com\/index.php\/2015\/06\/03\/exposition-flamands-et-hollandais-au-chateau-des-ducs-de-bretagne-a-nantes-le-voyage-a-nantes\/\" \/>\n<meta property=\"og:site_name\" content=\"La tambouille de Bouille\" \/>\n<meta property=\"article:published_time\" content=\"2015-06-03T08:26:00+00:00\" \/>\n<meta property=\"og:image\" content=\"https:\/\/latambouilledebouille.com\/wp-content\/uploads\/2015\/06\/104537449-1.jpg\" \/>\n<meta name=\"author\" content=\"BouilledeGum\" \/>\n<meta name=\"twitter:card\" content=\"summary_large_image\" \/>\n<meta name=\"twitter:label1\" content=\"\u00c9crit par\" \/>\n\t<meta name=\"twitter:data1\" content=\"BouilledeGum\" \/>\n\t<meta name=\"twitter:label2\" content=\"Dur\u00e9e de lecture estim\u00e9e\" \/>\n\t<meta name=\"twitter:data2\" content=\"4 minutes\" \/>\n<script type=\"application\/ld+json\" class=\"yoast-schema-graph\">{\"@context\":\"https:\/\/schema.org\",\"@graph\":[{\"@type\":\"Article\",\"@id\":\"https:\/\/latambouilledebouille.com\/index.php\/2015\/06\/03\/exposition-flamands-et-hollandais-au-chateau-des-ducs-de-bretagne-a-nantes-le-voyage-a-nantes\/#article\",\"isPartOf\":{\"@id\":\"https:\/\/latambouilledebouille.com\/index.php\/2015\/06\/03\/exposition-flamands-et-hollandais-au-chateau-des-ducs-de-bretagne-a-nantes-le-voyage-a-nantes\/\"},\"author\":{\"name\":\"BouilledeGum\",\"@id\":\"https:\/\/latambouilledebouille.com\/#\/schema\/person\/60a785d85a273d47d213dd39e49799d2\"},\"headline\":\"Exposition Flamands et Hollandais au Ch\u00e2teau des Ducs de Bretagne \u00e0 Nantes &#8211; Le voyage \u00e0 Nantes\",\"datePublished\":\"2015-06-03T08:26:00+00:00\",\"dateModified\":\"2015-06-03T08:26:00+00:00\",\"mainEntityOfPage\":{\"@id\":\"https:\/\/latambouilledebouille.com\/index.php\/2015\/06\/03\/exposition-flamands-et-hollandais-au-chateau-des-ducs-de-bretagne-a-nantes-le-voyage-a-nantes\/\"},\"wordCount\":778,\"commentCount\":0,\"publisher\":{\"@id\":\"https:\/\/latambouilledebouille.com\/#\/schema\/person\/60a785d85a273d47d213dd39e49799d2\"},\"image\":{\"@id\":\"https:\/\/latambouilledebouille.com\/index.php\/2015\/06\/03\/exposition-flamands-et-hollandais-au-chateau-des-ducs-de-bretagne-a-nantes-le-voyage-a-nantes\/#primaryimage\"},\"thumbnailUrl\":\"https:\/\/latambouilledebouille.com\/wp-content\/uploads\/2015\/06\/104537449-1.jpg\",\"keywords\":[\"ch\u00e2teau des Ducs\",\"ch\u00e2teau des Ducs de Bretagne\",\"en balade\",\"exposition\",\"hollandais et flamands\",\"le voyage \u00e0 Nantes\",\"lvan\",\"nantes\",\"peinture\",\"sortie\"],\"articleSection\":[\"en balade\"],\"inLanguage\":\"fr-FR\",\"potentialAction\":[{\"@type\":\"CommentAction\",\"name\":\"Comment\",\"target\":[\"https:\/\/latambouilledebouille.com\/index.php\/2015\/06\/03\/exposition-flamands-et-hollandais-au-chateau-des-ducs-de-bretagne-a-nantes-le-voyage-a-nantes\/#respond\"]}]},{\"@type\":\"WebPage\",\"@id\":\"https:\/\/latambouilledebouille.com\/index.php\/2015\/06\/03\/exposition-flamands-et-hollandais-au-chateau-des-ducs-de-bretagne-a-nantes-le-voyage-a-nantes\/\",\"url\":\"https:\/\/latambouilledebouille.com\/index.php\/2015\/06\/03\/exposition-flamands-et-hollandais-au-chateau-des-ducs-de-bretagne-a-nantes-le-voyage-a-nantes\/\",\"name\":\"Exposition Flamands et Hollandais au Ch\u00e2teau des Ducs de Bretagne \u00e0 Nantes - Le voyage \u00e0 Nantes - La tambouille de Bouille\",\"isPartOf\":{\"@id\":\"https:\/\/latambouilledebouille.com\/#website\"},\"primaryImageOfPage\":{\"@id\":\"https:\/\/latambouilledebouille.com\/index.php\/2015\/06\/03\/exposition-flamands-et-hollandais-au-chateau-des-ducs-de-bretagne-a-nantes-le-voyage-a-nantes\/#primaryimage\"},\"image\":{\"@id\":\"https:\/\/latambouilledebouille.com\/index.php\/2015\/06\/03\/exposition-flamands-et-hollandais-au-chateau-des-ducs-de-bretagne-a-nantes-le-voyage-a-nantes\/#primaryimage\"},\"thumbnailUrl\":\"https:\/\/latambouilledebouille.com\/wp-content\/uploads\/2015\/06\/104537449-1.jpg\",\"datePublished\":\"2015-06-03T08:26:00+00:00\",\"dateModified\":\"2015-06-03T08:26:00+00:00\",\"breadcrumb\":{\"@id\":\"https:\/\/latambouilledebouille.com\/index.php\/2015\/06\/03\/exposition-flamands-et-hollandais-au-chateau-des-ducs-de-bretagne-a-nantes-le-voyage-a-nantes\/#breadcrumb\"},\"inLanguage\":\"fr-FR\",\"potentialAction\":[{\"@type\":\"ReadAction\",\"target\":[\"https:\/\/latambouilledebouille.com\/index.php\/2015\/06\/03\/exposition-flamands-et-hollandais-au-chateau-des-ducs-de-bretagne-a-nantes-le-voyage-a-nantes\/\"]}]},{\"@type\":\"ImageObject\",\"inLanguage\":\"fr-FR\",\"@id\":\"https:\/\/latambouilledebouille.com\/index.php\/2015\/06\/03\/exposition-flamands-et-hollandais-au-chateau-des-ducs-de-bretagne-a-nantes-le-voyage-a-nantes\/#primaryimage\",\"url\":\"https:\/\/i0.wp.com\/latambouilledebouille.com\/wp-content\/uploads\/2015\/06\/104537449-1.jpg?fit=800%2C591&ssl=1\",\"contentUrl\":\"https:\/\/i0.wp.com\/latambouilledebouille.com\/wp-content\/uploads\/2015\/06\/104537449-1.jpg?fit=800%2C591&ssl=1\",\"width\":800,\"height\":591},{\"@type\":\"BreadcrumbList\",\"@id\":\"https:\/\/latambouilledebouille.com\/index.php\/2015\/06\/03\/exposition-flamands-et-hollandais-au-chateau-des-ducs-de-bretagne-a-nantes-le-voyage-a-nantes\/#breadcrumb\",\"itemListElement\":[{\"@type\":\"ListItem\",\"position\":1,\"name\":\"Accueil\",\"item\":\"https:\/\/latambouilledebouille.com\/\"},{\"@type\":\"ListItem\",\"position\":2,\"name\":\"Exposition Flamands et Hollandais au Ch\u00e2teau des Ducs de Bretagne \u00e0 Nantes &#8211; Le voyage \u00e0 Nantes\"}]},{\"@type\":\"WebSite\",\"@id\":\"https:\/\/latambouilledebouille.com\/#website\",\"url\":\"https:\/\/latambouilledebouille.com\/\",\"name\":\"La tambouille de Bouille\",\"description\":\"De la gourmandise sucr\u00e9e, sal\u00e9e, avec une pinc\u00e9e de fantaisie\",\"publisher\":{\"@id\":\"https:\/\/latambouilledebouille.com\/#\/schema\/person\/60a785d85a273d47d213dd39e49799d2\"},\"potentialAction\":[{\"@type\":\"SearchAction\",\"target\":{\"@type\":\"EntryPoint\",\"urlTemplate\":\"https:\/\/latambouilledebouille.com\/?s={search_term_string}\"},\"query-input\":{\"@type\":\"PropertyValueSpecification\",\"valueRequired\":true,\"valueName\":\"search_term_string\"}}],\"inLanguage\":\"fr-FR\"},{\"@type\":[\"Person\",\"Organization\"],\"@id\":\"https:\/\/latambouilledebouille.com\/#\/schema\/person\/60a785d85a273d47d213dd39e49799d2\",\"name\":\"BouilledeGum\",\"image\":{\"@type\":\"ImageObject\",\"inLanguage\":\"fr-FR\",\"@id\":\"https:\/\/latambouilledebouille.com\/#\/schema\/person\/image\/\",\"url\":\"https:\/\/secure.gravatar.com\/avatar\/2b559a9357377a79331e346651242fa8?s=96&d=mm&r=g\",\"contentUrl\":\"https:\/\/secure.gravatar.com\/avatar\/2b559a9357377a79331e346651242fa8?s=96&d=mm&r=g\",\"caption\":\"BouilledeGum\"},\"logo\":{\"@id\":\"https:\/\/latambouilledebouille.com\/#\/schema\/person\/image\/\"},\"sameAs\":[\"https:\/\/latambouilledebouille.com\"],\"url\":\"https:\/\/latambouilledebouille.com\/index.php\/author\/bouilledegum\/\"}]}<\/script>\n<!-- \/ Yoast SEO Premium plugin. -->","yoast_head_json":{"title":"Exposition Flamands et Hollandais au Ch\u00e2teau des Ducs de Bretagne \u00e0 Nantes - Le voyage \u00e0 Nantes - La tambouille de Bouille","robots":{"index":"index","follow":"follow","max-snippet":"max-snippet:-1","max-image-preview":"max-image-preview:large","max-video-preview":"max-video-preview:-1"},"canonical":"https:\/\/latambouilledebouille.com\/index.php\/2015\/06\/03\/exposition-flamands-et-hollandais-au-chateau-des-ducs-de-bretagne-a-nantes-le-voyage-a-nantes\/","og_locale":"fr_FR","og_type":"article","og_title":"Exposition Flamands et Hollandais au Ch\u00e2teau des Ducs de Bretagne \u00e0 Nantes - Le voyage \u00e0 Nantes","og_description":"Hello mes gourmands favoris! On se retrouve aujourd&#8217;hui pour un article diff&eacute;rent, je vous emm&egrave;ne en vadrouille&#8230;. Vendredi dernier j&#8217;ai eu la chance d&#8217;&ecirc;tre invit&eacute;e &agrave; l&#8217;inauguration de l&#8217;exposition &#8220;Flamands et Hollandais&#8221; au Ch&acirc;teau des Ducs de Bretagne &agrave; Nantes. Une exposition venant tout droit de la collection du mus&eacute;e des Beaux-Arts de Nantes (actuellement [&hellip;]","og_url":"https:\/\/latambouilledebouille.com\/index.php\/2015\/06\/03\/exposition-flamands-et-hollandais-au-chateau-des-ducs-de-bretagne-a-nantes-le-voyage-a-nantes\/","og_site_name":"La tambouille de Bouille","article_published_time":"2015-06-03T08:26:00+00:00","og_image":[{"url":"https:\/\/latambouilledebouille.com\/wp-content\/uploads\/2015\/06\/104537449-1.jpg","type":"","width":"","height":""}],"author":"BouilledeGum","twitter_card":"summary_large_image","twitter_misc":{"\u00c9crit par":"BouilledeGum","Dur\u00e9e de lecture estim\u00e9e":"4 minutes"},"schema":{"@context":"https:\/\/schema.org","@graph":[{"@type":"Article","@id":"https:\/\/latambouilledebouille.com\/index.php\/2015\/06\/03\/exposition-flamands-et-hollandais-au-chateau-des-ducs-de-bretagne-a-nantes-le-voyage-a-nantes\/#article","isPartOf":{"@id":"https:\/\/latambouilledebouille.com\/index.php\/2015\/06\/03\/exposition-flamands-et-hollandais-au-chateau-des-ducs-de-bretagne-a-nantes-le-voyage-a-nantes\/"},"author":{"name":"BouilledeGum","@id":"https:\/\/latambouilledebouille.com\/#\/schema\/person\/60a785d85a273d47d213dd39e49799d2"},"headline":"Exposition Flamands et Hollandais au Ch\u00e2teau des Ducs de Bretagne \u00e0 Nantes &#8211; Le voyage \u00e0 Nantes","datePublished":"2015-06-03T08:26:00+00:00","dateModified":"2015-06-03T08:26:00+00:00","mainEntityOfPage":{"@id":"https:\/\/latambouilledebouille.com\/index.php\/2015\/06\/03\/exposition-flamands-et-hollandais-au-chateau-des-ducs-de-bretagne-a-nantes-le-voyage-a-nantes\/"},"wordCount":778,"commentCount":0,"publisher":{"@id":"https:\/\/latambouilledebouille.com\/#\/schema\/person\/60a785d85a273d47d213dd39e49799d2"},"image":{"@id":"https:\/\/latambouilledebouille.com\/index.php\/2015\/06\/03\/exposition-flamands-et-hollandais-au-chateau-des-ducs-de-bretagne-a-nantes-le-voyage-a-nantes\/#primaryimage"},"thumbnailUrl":"https:\/\/latambouilledebouille.com\/wp-content\/uploads\/2015\/06\/104537449-1.jpg","keywords":["ch\u00e2teau des Ducs","ch\u00e2teau des Ducs de Bretagne","en balade","exposition","hollandais et flamands","le voyage \u00e0 Nantes","lvan","nantes","peinture","sortie"],"articleSection":["en balade"],"inLanguage":"fr-FR","potentialAction":[{"@type":"CommentAction","name":"Comment","target":["https:\/\/latambouilledebouille.com\/index.php\/2015\/06\/03\/exposition-flamands-et-hollandais-au-chateau-des-ducs-de-bretagne-a-nantes-le-voyage-a-nantes\/#respond"]}]},{"@type":"WebPage","@id":"https:\/\/latambouilledebouille.com\/index.php\/2015\/06\/03\/exposition-flamands-et-hollandais-au-chateau-des-ducs-de-bretagne-a-nantes-le-voyage-a-nantes\/","url":"https:\/\/latambouilledebouille.com\/index.php\/2015\/06\/03\/exposition-flamands-et-hollandais-au-chateau-des-ducs-de-bretagne-a-nantes-le-voyage-a-nantes\/","name":"Exposition Flamands et Hollandais au Ch\u00e2teau des Ducs de Bretagne \u00e0 Nantes - Le voyage \u00e0 Nantes - La tambouille de Bouille","isPartOf":{"@id":"https:\/\/latambouilledebouille.com\/#website"},"primaryImageOfPage":{"@id":"https:\/\/latambouilledebouille.com\/index.php\/2015\/06\/03\/exposition-flamands-et-hollandais-au-chateau-des-ducs-de-bretagne-a-nantes-le-voyage-a-nantes\/#primaryimage"},"image":{"@id":"https:\/\/latambouilledebouille.com\/index.php\/2015\/06\/03\/exposition-flamands-et-hollandais-au-chateau-des-ducs-de-bretagne-a-nantes-le-voyage-a-nantes\/#primaryimage"},"thumbnailUrl":"https:\/\/latambouilledebouille.com\/wp-content\/uploads\/2015\/06\/104537449-1.jpg","datePublished":"2015-06-03T08:26:00+00:00","dateModified":"2015-06-03T08:26:00+00:00","breadcrumb":{"@id":"https:\/\/latambouilledebouille.com\/index.php\/2015\/06\/03\/exposition-flamands-et-hollandais-au-chateau-des-ducs-de-bretagne-a-nantes-le-voyage-a-nantes\/#breadcrumb"},"inLanguage":"fr-FR","potentialAction":[{"@type":"ReadAction","target":["https:\/\/latambouilledebouille.com\/index.php\/2015\/06\/03\/exposition-flamands-et-hollandais-au-chateau-des-ducs-de-bretagne-a-nantes-le-voyage-a-nantes\/"]}]},{"@type":"ImageObject","inLanguage":"fr-FR","@id":"https:\/\/latambouilledebouille.com\/index.php\/2015\/06\/03\/exposition-flamands-et-hollandais-au-chateau-des-ducs-de-bretagne-a-nantes-le-voyage-a-nantes\/#primaryimage","url":"https:\/\/i0.wp.com\/latambouilledebouille.com\/wp-content\/uploads\/2015\/06\/104537449-1.jpg?fit=800%2C591&ssl=1","contentUrl":"https:\/\/i0.wp.com\/latambouilledebouille.com\/wp-content\/uploads\/2015\/06\/104537449-1.jpg?fit=800%2C591&ssl=1","width":800,"height":591},{"@type":"BreadcrumbList","@id":"https:\/\/latambouilledebouille.com\/index.php\/2015\/06\/03\/exposition-flamands-et-hollandais-au-chateau-des-ducs-de-bretagne-a-nantes-le-voyage-a-nantes\/#breadcrumb","itemListElement":[{"@type":"ListItem","position":1,"name":"Accueil","item":"https:\/\/latambouilledebouille.com\/"},{"@type":"ListItem","position":2,"name":"Exposition Flamands et Hollandais au Ch\u00e2teau des Ducs de Bretagne \u00e0 Nantes &#8211; Le voyage \u00e0 Nantes"}]},{"@type":"WebSite","@id":"https:\/\/latambouilledebouille.com\/#website","url":"https:\/\/latambouilledebouille.com\/","name":"La tambouille de Bouille","description":"De la gourmandise sucr\u00e9e, sal\u00e9e, avec une pinc\u00e9e de fantaisie","publisher":{"@id":"https:\/\/latambouilledebouille.com\/#\/schema\/person\/60a785d85a273d47d213dd39e49799d2"},"potentialAction":[{"@type":"SearchAction","target":{"@type":"EntryPoint","urlTemplate":"https:\/\/latambouilledebouille.com\/?s={search_term_string}"},"query-input":{"@type":"PropertyValueSpecification","valueRequired":true,"valueName":"search_term_string"}}],"inLanguage":"fr-FR"},{"@type":["Person","Organization"],"@id":"https:\/\/latambouilledebouille.com\/#\/schema\/person\/60a785d85a273d47d213dd39e49799d2","name":"BouilledeGum","image":{"@type":"ImageObject","inLanguage":"fr-FR","@id":"https:\/\/latambouilledebouille.com\/#\/schema\/person\/image\/","url":"https:\/\/secure.gravatar.com\/avatar\/2b559a9357377a79331e346651242fa8?s=96&d=mm&r=g","contentUrl":"https:\/\/secure.gravatar.com\/avatar\/2b559a9357377a79331e346651242fa8?s=96&d=mm&r=g","caption":"BouilledeGum"},"logo":{"@id":"https:\/\/latambouilledebouille.com\/#\/schema\/person\/image\/"},"sameAs":["https:\/\/latambouilledebouille.com"],"url":"https:\/\/latambouilledebouille.com\/index.php\/author\/bouilledegum\/"}]}},"jetpack_featured_media_url":"","jetpack_sharing_enabled":true,"_links":{"self":[{"href":"https:\/\/latambouilledebouille.com\/index.php\/wp-json\/wp\/v2\/posts\/1524","targetHints":{"allow":["GET"]}}],"collection":[{"href":"https:\/\/latambouilledebouille.com\/index.php\/wp-json\/wp\/v2\/posts"}],"about":[{"href":"https:\/\/latambouilledebouille.com\/index.php\/wp-json\/wp\/v2\/types\/post"}],"author":[{"embeddable":true,"href":"https:\/\/latambouilledebouille.com\/index.php\/wp-json\/wp\/v2\/users\/2"}],"replies":[{"embeddable":true,"href":"https:\/\/latambouilledebouille.com\/index.php\/wp-json\/wp\/v2\/comments?post=1524"}],"version-history":[{"count":0,"href":"https:\/\/latambouilledebouille.com\/index.php\/wp-json\/wp\/v2\/posts\/1524\/revisions"}],"wp:attachment":[{"href":"https:\/\/latambouilledebouille.com\/index.php\/wp-json\/wp\/v2\/media?parent=1524"}],"wp:term":[{"taxonomy":"category","embeddable":true,"href":"https:\/\/latambouilledebouille.com\/index.php\/wp-json\/wp\/v2\/categories?post=1524"},{"taxonomy":"post_tag","embeddable":true,"href":"https:\/\/latambouilledebouille.com\/index.php\/wp-json\/wp\/v2\/tags?post=1524"}],"curies":[{"name":"wp","href":"https:\/\/api.w.org\/{rel}","templated":true}]}}