{"id":1134,"date":"2016-09-27T07:49:00","date_gmt":"2016-09-27T05:49:00","guid":{"rendered":"https:\/\/latambouilledebouille.com\/index.php\/2016\/09\/27\/encore-un-peu-de-soleil-pour-lapero-avec-des-brochettes-de-melon-au-lard-et-sauce-teriyaki\/"},"modified":"2016-09-27T07:49:00","modified_gmt":"2016-09-27T05:49:00","slug":"encore-un-peu-de-soleil-pour-lapero-avec-des-brochettes-de-melon-au-lard-et-sauce-teriyaki","status":"publish","type":"post","link":"https:\/\/latambouilledebouille.com\/index.php\/2016\/09\/27\/encore-un-peu-de-soleil-pour-lapero-avec-des-brochettes-de-melon-au-lard-et-sauce-teriyaki\/","title":{"rendered":"Encore un peu de soleil pour l&#8217;ap\u00e9ro avec des brochettes de melon au lard et sauce Teriyaki."},"content":{"rendered":"<div>\n<div class=\"articlebody\" itemprop=\"articleBody\">\n<p>Coucou mes gourmand(e)s ador&eacute;(e)s!&nbsp;<\/p>\n<p>J&#8217;esp&eacute;re que ce d&eacute;but de semaine n&#8217;est pas trop compliqu&eacute;! J&#8217;avoue que mon travail ne me manque pas ah ah ah (enfin juste quelques coll&egrave;gues que j&#8217;ai h&acirc;te de revoir, en dehors)<\/p>\n<p>Pour aujourd&#8217;hui, je vous propose de mettre <strong>encore un peu de soleil pour l&#8217;ap&eacute;ro avec des brochettes de melon au lard et sauce Teriyaki<\/strong>.<\/p>\n<p>Cette recette peut &eacute;galement se r&eacute;aliser avec de l&#8217;ananas ou tout simplement avec des dattes ou des pruneaux.<\/p>\n<p>Ces brochettes sont toutes simples et tr&egrave;s go&ucirc;teuse.<\/p>\n<p>Profiter des derniers melons pour vous r&eacute;galer avec ces brochettes originales qui feront leur effet &agrave; coup sur!&nbsp;<\/p>\n<p>&Eacute;videmment vous pouvez aussi mettre cette recette dans un coin de votre t&ecirc;te pour l&#8217;ann&eacute;e prochaine ou changer les fruits comme je vous l&#8217;ai indiqu&eacute; plus haut \ud83d\ude42&nbsp;<\/p>\n<p>Vous n&#8217;aurez pas besoin de grand chose pour faire ces brochettes ni de de beaucoup de temps!&nbsp;<\/p>\n<p>C&#8217;est l&#8217;avantage ah ah ah&nbsp;<\/p>\n<p><img data-recalc-dims=\"1\" decoding=\"async\" src=\"https:\/\/i0.wp.com\/latambouilledebouille.com\/wp-content\/uploads\/2016\/09\/112683478-1.jpg?w=1200&#038;ssl=1\" border=\"0\" alt=\"brochette-apero-melon-lard-sauce-teriyaki\" class=\"widthadapted nonealign\"><\/p>\n<p><span style=\"text-decoration: underline;\">INGR&Eacute;DIENTS:<\/span><\/p>\n<p>pour une quinzaine de brochettes<\/p>\n<p>&#8211; 1 <strong>melon<\/strong> m&ucirc;r mais pas trop<\/p>\n<p>&#8211; <a href=\"http:\/\/www.kikkoman.fr\/consommateurs\/produits\/sauce-yakitori-nappage-marinade\/#0\" target=\"_blank\"><strong>sauce teriyaki KIKKOMAN<\/strong><\/a><\/p>\n<p>&#8211; 15 <strong>tranches de lard fum&eacute;es<\/strong> fines (ou nature)<\/p>\n<p>&#8211; <strong>5 baies<\/strong><\/p>\n<p><img data-recalc-dims=\"1\" height=\"300\" width=\"300\" decoding=\"async\" src=\"https:\/\/i0.wp.com\/latambouilledebouille.com\/wp-content\/uploads\/2016\/09\/112683483-1.jpg?fit=300%2C300&#038;ssl=1\" alt=\"\" class=\"aligncenter size-medium\"><\/p>\n<p>Commencer par retirer la peau du melon, le couper en tranches de 2 &agrave; 3 cm de large, retirer les p&eacute;pins.<\/p>\n<p>Couper en cubes le plus r&eacute;gulier possible.<\/p>\n<p>Enrouler chaque cube de melon d&#8217;une tranches de lard.<\/p>\n<p>Faire cuire &agrave; la plancha, en fin de cuisson arroser de sauce Teriyaki et saupoudrer de 5 baies.<\/p>\n<p>Retirer les cubes une fois que le lard est bien cuit.<\/p>\n<p>Servir &agrave; l&#8217;ap&eacute;ro \ud83d\ude42&nbsp;<\/p>\n<p>Bon app&eacute;tit!&nbsp;<\/p>\n<p>Si vous avez envie d&#8217;autres id&eacute;es recettes pour l&#8217;ap&eacute;ro je vous propose les <strong><a href=\"https:\/\/latambouilledebouille.com\/index.php\/2013\/09\/05\/cest-la-rentree-mais-cest-quand-meme-toujours-lete-alors-apero\/\" target=\"_blank\">brochettes melon\/jambon<\/a><\/strong>, l&#8217;<strong><a href=\"https:\/\/latambouilledebouille.com\/index.php\/2014\/06\/01\/si-tu-vas-a-rio\/\" target=\"_blank\">ap&eacute;ro sp&eacute;cial Br&eacute;sil<\/a><\/strong>, mes <strong><a href=\"https:\/\/latambouilledebouille.com\/index.php\/2013\/05\/19\/rillettes-de-thon-express\/\" target=\"_blank\">rillettes de thon express<\/a><\/strong> ou encore les <strong><a href=\"https:\/\/latambouilledebouille.com\/index.php\/2014\/12\/28\/bouchees-croustillants-aux-deux-saumons-pour-un-apero-savoureux-entre-amis-ou-en-famille\/\" target=\"_blank\">bouch&eacute;es croustillantes aux 2 saumons<\/a><\/strong>.<\/p>\n<p>A tr&egrave;s vite \ud83d\ude09&nbsp;<\/p>\n<p>&nbsp;<\/p>\n<p style=\"text-align: center;\"><span><strong><span style=\"color: #ff99cc;\"><a href=\"https:\/\/www.facebook.com\/LaTambouilleDeBouille?ref=hl\" target=\"_blank\"><span style=\"color: #ff99cc;\">FACEBOOK<\/span><\/a>&nbsp;*&nbsp;<a href=\"https:\/\/instagram.com\/bouilledegum\/\" target=\"_blank\"><span style=\"color: #ff99cc;\">INSTAGRAM<\/span><\/a>&nbsp;*&nbsp;<a href=\"https:\/\/twitter.com\/BouilledeGum\" target=\"_blank\"><span style=\"color: #ff99cc;\">TWITTER<\/span><\/a>&nbsp;*&nbsp;<a href=\"http:\/\/www.hellocoton.fr\/mapage\/tambouilledebouille\" target=\"_blank\"><span style=\"color: #ff99cc;\">HELLOCOTON<\/span><\/a>&nbsp;*&nbsp;<a href=\"http:\/\/www.inspilia.fr\/membre\/latambouilledebouille\" target=\"_blank\"><span style=\"color: #ff99cc;\">INSPILIA<\/span><\/a>&nbsp;*&nbsp;<a href=\"https:\/\/www.pinterest.com\/bouilledegum\/\" target=\"_blank\"><span style=\"color: #ff99cc;\">PINTEREST<\/span><\/a><\/span>&nbsp;<\/strong><\/span><img data-recalc-dims=\"1\" height=\"300\" width=\"300\" decoding=\"async\" src=\"https:\/\/i0.wp.com\/p9.storage.canalblog.com\/94\/00\/1087275\/107066663.jpg?fit=300%2C300\" alt=\"\" class=\"aligncenter size-medium\"><\/p>\n<div style=\"clear:both;\"><\/div>\n<\/div>\n<\/div>\n","protected":false},"excerpt":{"rendered":"<p>Coucou mes gourmand(e)s ador&eacute;(e)s!&nbsp; J&#8217;esp&eacute;re que ce d&eacute;but de semaine n&#8217;est pas trop compliqu&eacute;! J&#8217;avoue que mon travail ne me manque pas ah ah ah (enfin juste quelques coll&egrave;gues que j&#8217;ai h&acirc;te de revoir, en dehors) Pour aujourd&#8217;hui, je vous propose de mettre encore un peu de soleil pour l&#8217;ap&eacute;ro avec des brochettes de melon [&hellip;]<\/p>\n","protected":false},"author":2,"featured_media":0,"comment_status":"open","ping_status":"open","sticky":false,"template":"","format":"standard","meta":{"_acf_changed":false,"sfsi_plus_gutenberg_text_before_share":"","sfsi_plus_gutenberg_show_text_before_share":"","sfsi_plus_gutenberg_icon_type":"","sfsi_plus_gutenberg_icon_alignemt":"","sfsi_plus_gutenburg_max_per_row":"","_jetpack_memberships_contains_paid_content":false,"footnotes":""},"categories":[991],"tags":[9,40,38,136,242,328,329,335,464,478,538,753,757,814,832,900,1147],"class_list":["post-1134","post","type-post","status-publish","format-standard","hentry","category-apero","tag-5-baies","tag-aperitif","tag-apero","tag-brochettes","tag-convivial","tag-express","tag-facile","tag-familiale","tag-kikkoman","tag-lard","tag-melon","tag-rapide","tag-recette","tag-sauce","tag-simple","tag-teriyaki","tag-tranche-de-lard"],"acf":[],"yoast_head":"<!-- This site is optimized with the Yoast SEO Premium plugin v24.0 (Yoast SEO v24.0) - https:\/\/yoast.com\/wordpress\/plugins\/seo\/ -->\n<title>Encore un peu de soleil pour l&#039;ap\u00e9ro avec des brochettes de melon au lard et sauce Teriyaki. - La tambouille de Bouille<\/title>\n<meta name=\"robots\" content=\"index, follow, max-snippet:-1, max-image-preview:large, max-video-preview:-1\" \/>\n<link rel=\"canonical\" href=\"https:\/\/latambouilledebouille.com\/index.php\/2016\/09\/27\/encore-un-peu-de-soleil-pour-lapero-avec-des-brochettes-de-melon-au-lard-et-sauce-teriyaki\/\" \/>\n<meta property=\"og:locale\" content=\"fr_FR\" \/>\n<meta property=\"og:type\" content=\"article\" \/>\n<meta property=\"og:title\" content=\"Encore un peu de soleil pour l&#039;ap\u00e9ro avec des brochettes de melon au lard et sauce Teriyaki.\" \/>\n<meta property=\"og:description\" content=\"Coucou mes gourmand(e)s ador&eacute;(e)s!&nbsp; J&#8217;esp&eacute;re que ce d&eacute;but de semaine n&#8217;est pas trop compliqu&eacute;! J&#8217;avoue que mon travail ne me manque pas ah ah ah (enfin juste quelques coll&egrave;gues que j&#8217;ai h&acirc;te de revoir, en dehors) Pour aujourd&#8217;hui, je vous propose de mettre encore un peu de soleil pour l&#8217;ap&eacute;ro avec des brochettes de melon [&hellip;]\" \/>\n<meta property=\"og:url\" content=\"https:\/\/latambouilledebouille.com\/index.php\/2016\/09\/27\/encore-un-peu-de-soleil-pour-lapero-avec-des-brochettes-de-melon-au-lard-et-sauce-teriyaki\/\" \/>\n<meta property=\"og:site_name\" content=\"La tambouille de Bouille\" \/>\n<meta property=\"article:published_time\" content=\"2016-09-27T05:49:00+00:00\" \/>\n<meta property=\"og:image\" content=\"https:\/\/latambouilledebouille.com\/wp-content\/uploads\/2016\/09\/112683478-1.jpg\" \/>\n<meta name=\"author\" content=\"BouilledeGum\" \/>\n<meta name=\"twitter:card\" content=\"summary_large_image\" \/>\n<meta name=\"twitter:label1\" content=\"\u00c9crit par\" \/>\n\t<meta name=\"twitter:data1\" content=\"BouilledeGum\" \/>\n\t<meta name=\"twitter:label2\" content=\"Dur\u00e9e de lecture estim\u00e9e\" \/>\n\t<meta name=\"twitter:data2\" content=\"2 minutes\" \/>\n<script type=\"application\/ld+json\" class=\"yoast-schema-graph\">{\"@context\":\"https:\/\/schema.org\",\"@graph\":[{\"@type\":\"Article\",\"@id\":\"https:\/\/latambouilledebouille.com\/index.php\/2016\/09\/27\/encore-un-peu-de-soleil-pour-lapero-avec-des-brochettes-de-melon-au-lard-et-sauce-teriyaki\/#article\",\"isPartOf\":{\"@id\":\"https:\/\/latambouilledebouille.com\/index.php\/2016\/09\/27\/encore-un-peu-de-soleil-pour-lapero-avec-des-brochettes-de-melon-au-lard-et-sauce-teriyaki\/\"},\"author\":{\"name\":\"BouilledeGum\",\"@id\":\"https:\/\/latambouilledebouille.com\/#\/schema\/person\/60a785d85a273d47d213dd39e49799d2\"},\"headline\":\"Encore un peu de soleil pour l&#8217;ap\u00e9ro avec des brochettes de melon au lard et sauce Teriyaki.\",\"datePublished\":\"2016-09-27T05:49:00+00:00\",\"dateModified\":\"2016-09-27T05:49:00+00:00\",\"mainEntityOfPage\":{\"@id\":\"https:\/\/latambouilledebouille.com\/index.php\/2016\/09\/27\/encore-un-peu-de-soleil-pour-lapero-avec-des-brochettes-de-melon-au-lard-et-sauce-teriyaki\/\"},\"wordCount\":385,\"commentCount\":2,\"publisher\":{\"@id\":\"https:\/\/latambouilledebouille.com\/#\/schema\/person\/60a785d85a273d47d213dd39e49799d2\"},\"image\":{\"@id\":\"https:\/\/latambouilledebouille.com\/index.php\/2016\/09\/27\/encore-un-peu-de-soleil-pour-lapero-avec-des-brochettes-de-melon-au-lard-et-sauce-teriyaki\/#primaryimage\"},\"thumbnailUrl\":\"https:\/\/latambouilledebouille.com\/wp-content\/uploads\/2016\/09\/112683478-1.jpg\",\"keywords\":[\"5 baies\",\"ap\u00e9ritif\",\"apero\",\"brochettes\",\"convivial\",\"express\",\"facile\",\"familiale\",\"kikkoman\",\"lard\",\"melon\",\"rapide\",\"recette\",\"sauce\",\"simple\",\"teriyaki\",\"tranche de lard\"],\"articleSection\":[\"Ap\u00e9ro\"],\"inLanguage\":\"fr-FR\",\"potentialAction\":[{\"@type\":\"CommentAction\",\"name\":\"Comment\",\"target\":[\"https:\/\/latambouilledebouille.com\/index.php\/2016\/09\/27\/encore-un-peu-de-soleil-pour-lapero-avec-des-brochettes-de-melon-au-lard-et-sauce-teriyaki\/#respond\"]}]},{\"@type\":\"WebPage\",\"@id\":\"https:\/\/latambouilledebouille.com\/index.php\/2016\/09\/27\/encore-un-peu-de-soleil-pour-lapero-avec-des-brochettes-de-melon-au-lard-et-sauce-teriyaki\/\",\"url\":\"https:\/\/latambouilledebouille.com\/index.php\/2016\/09\/27\/encore-un-peu-de-soleil-pour-lapero-avec-des-brochettes-de-melon-au-lard-et-sauce-teriyaki\/\",\"name\":\"Encore un peu de soleil pour l'ap\u00e9ro avec des brochettes de melon au lard et sauce Teriyaki. - La tambouille de Bouille\",\"isPartOf\":{\"@id\":\"https:\/\/latambouilledebouille.com\/#website\"},\"primaryImageOfPage\":{\"@id\":\"https:\/\/latambouilledebouille.com\/index.php\/2016\/09\/27\/encore-un-peu-de-soleil-pour-lapero-avec-des-brochettes-de-melon-au-lard-et-sauce-teriyaki\/#primaryimage\"},\"image\":{\"@id\":\"https:\/\/latambouilledebouille.com\/index.php\/2016\/09\/27\/encore-un-peu-de-soleil-pour-lapero-avec-des-brochettes-de-melon-au-lard-et-sauce-teriyaki\/#primaryimage\"},\"thumbnailUrl\":\"https:\/\/latambouilledebouille.com\/wp-content\/uploads\/2016\/09\/112683478-1.jpg\",\"datePublished\":\"2016-09-27T05:49:00+00:00\",\"dateModified\":\"2016-09-27T05:49:00+00:00\",\"breadcrumb\":{\"@id\":\"https:\/\/latambouilledebouille.com\/index.php\/2016\/09\/27\/encore-un-peu-de-soleil-pour-lapero-avec-des-brochettes-de-melon-au-lard-et-sauce-teriyaki\/#breadcrumb\"},\"inLanguage\":\"fr-FR\",\"potentialAction\":[{\"@type\":\"ReadAction\",\"target\":[\"https:\/\/latambouilledebouille.com\/index.php\/2016\/09\/27\/encore-un-peu-de-soleil-pour-lapero-avec-des-brochettes-de-melon-au-lard-et-sauce-teriyaki\/\"]}]},{\"@type\":\"ImageObject\",\"inLanguage\":\"fr-FR\",\"@id\":\"https:\/\/latambouilledebouille.com\/index.php\/2016\/09\/27\/encore-un-peu-de-soleil-pour-lapero-avec-des-brochettes-de-melon-au-lard-et-sauce-teriyaki\/#primaryimage\",\"url\":\"https:\/\/i0.wp.com\/latambouilledebouille.com\/wp-content\/uploads\/2016\/09\/112683478-1.jpg?fit=800%2C572&ssl=1\",\"contentUrl\":\"https:\/\/i0.wp.com\/latambouilledebouille.com\/wp-content\/uploads\/2016\/09\/112683478-1.jpg?fit=800%2C572&ssl=1\",\"width\":800,\"height\":572},{\"@type\":\"BreadcrumbList\",\"@id\":\"https:\/\/latambouilledebouille.com\/index.php\/2016\/09\/27\/encore-un-peu-de-soleil-pour-lapero-avec-des-brochettes-de-melon-au-lard-et-sauce-teriyaki\/#breadcrumb\",\"itemListElement\":[{\"@type\":\"ListItem\",\"position\":1,\"name\":\"Accueil\",\"item\":\"https:\/\/latambouilledebouille.com\/\"},{\"@type\":\"ListItem\",\"position\":2,\"name\":\"Encore un peu de soleil pour l&#8217;ap\u00e9ro avec des brochettes de melon au lard et sauce Teriyaki.\"}]},{\"@type\":\"WebSite\",\"@id\":\"https:\/\/latambouilledebouille.com\/#website\",\"url\":\"https:\/\/latambouilledebouille.com\/\",\"name\":\"La tambouille de Bouille\",\"description\":\"De la gourmandise sucr\u00e9e, sal\u00e9e, avec une pinc\u00e9e de fantaisie\",\"publisher\":{\"@id\":\"https:\/\/latambouilledebouille.com\/#\/schema\/person\/60a785d85a273d47d213dd39e49799d2\"},\"potentialAction\":[{\"@type\":\"SearchAction\",\"target\":{\"@type\":\"EntryPoint\",\"urlTemplate\":\"https:\/\/latambouilledebouille.com\/?s={search_term_string}\"},\"query-input\":{\"@type\":\"PropertyValueSpecification\",\"valueRequired\":true,\"valueName\":\"search_term_string\"}}],\"inLanguage\":\"fr-FR\"},{\"@type\":[\"Person\",\"Organization\"],\"@id\":\"https:\/\/latambouilledebouille.com\/#\/schema\/person\/60a785d85a273d47d213dd39e49799d2\",\"name\":\"BouilledeGum\",\"image\":{\"@type\":\"ImageObject\",\"inLanguage\":\"fr-FR\",\"@id\":\"https:\/\/latambouilledebouille.com\/#\/schema\/person\/image\/\",\"url\":\"https:\/\/secure.gravatar.com\/avatar\/2b559a9357377a79331e346651242fa8?s=96&d=mm&r=g\",\"contentUrl\":\"https:\/\/secure.gravatar.com\/avatar\/2b559a9357377a79331e346651242fa8?s=96&d=mm&r=g\",\"caption\":\"BouilledeGum\"},\"logo\":{\"@id\":\"https:\/\/latambouilledebouille.com\/#\/schema\/person\/image\/\"},\"sameAs\":[\"https:\/\/latambouilledebouille.com\"],\"url\":\"https:\/\/latambouilledebouille.com\/index.php\/author\/bouilledegum\/\"}]}<\/script>\n<!-- \/ Yoast SEO Premium plugin. -->","yoast_head_json":{"title":"Encore un peu de soleil pour l'ap\u00e9ro avec des brochettes de melon au lard et sauce Teriyaki. - La tambouille de Bouille","robots":{"index":"index","follow":"follow","max-snippet":"max-snippet:-1","max-image-preview":"max-image-preview:large","max-video-preview":"max-video-preview:-1"},"canonical":"https:\/\/latambouilledebouille.com\/index.php\/2016\/09\/27\/encore-un-peu-de-soleil-pour-lapero-avec-des-brochettes-de-melon-au-lard-et-sauce-teriyaki\/","og_locale":"fr_FR","og_type":"article","og_title":"Encore un peu de soleil pour l'ap\u00e9ro avec des brochettes de melon au lard et sauce Teriyaki.","og_description":"Coucou mes gourmand(e)s ador&eacute;(e)s!&nbsp; J&#8217;esp&eacute;re que ce d&eacute;but de semaine n&#8217;est pas trop compliqu&eacute;! J&#8217;avoue que mon travail ne me manque pas ah ah ah (enfin juste quelques coll&egrave;gues que j&#8217;ai h&acirc;te de revoir, en dehors) Pour aujourd&#8217;hui, je vous propose de mettre encore un peu de soleil pour l&#8217;ap&eacute;ro avec des brochettes de melon [&hellip;]","og_url":"https:\/\/latambouilledebouille.com\/index.php\/2016\/09\/27\/encore-un-peu-de-soleil-pour-lapero-avec-des-brochettes-de-melon-au-lard-et-sauce-teriyaki\/","og_site_name":"La tambouille de Bouille","article_published_time":"2016-09-27T05:49:00+00:00","og_image":[{"url":"https:\/\/latambouilledebouille.com\/wp-content\/uploads\/2016\/09\/112683478-1.jpg","type":"","width":"","height":""}],"author":"BouilledeGum","twitter_card":"summary_large_image","twitter_misc":{"\u00c9crit par":"BouilledeGum","Dur\u00e9e de lecture estim\u00e9e":"2 minutes"},"schema":{"@context":"https:\/\/schema.org","@graph":[{"@type":"Article","@id":"https:\/\/latambouilledebouille.com\/index.php\/2016\/09\/27\/encore-un-peu-de-soleil-pour-lapero-avec-des-brochettes-de-melon-au-lard-et-sauce-teriyaki\/#article","isPartOf":{"@id":"https:\/\/latambouilledebouille.com\/index.php\/2016\/09\/27\/encore-un-peu-de-soleil-pour-lapero-avec-des-brochettes-de-melon-au-lard-et-sauce-teriyaki\/"},"author":{"name":"BouilledeGum","@id":"https:\/\/latambouilledebouille.com\/#\/schema\/person\/60a785d85a273d47d213dd39e49799d2"},"headline":"Encore un peu de soleil pour l&#8217;ap\u00e9ro avec des brochettes de melon au lard et sauce Teriyaki.","datePublished":"2016-09-27T05:49:00+00:00","dateModified":"2016-09-27T05:49:00+00:00","mainEntityOfPage":{"@id":"https:\/\/latambouilledebouille.com\/index.php\/2016\/09\/27\/encore-un-peu-de-soleil-pour-lapero-avec-des-brochettes-de-melon-au-lard-et-sauce-teriyaki\/"},"wordCount":385,"commentCount":2,"publisher":{"@id":"https:\/\/latambouilledebouille.com\/#\/schema\/person\/60a785d85a273d47d213dd39e49799d2"},"image":{"@id":"https:\/\/latambouilledebouille.com\/index.php\/2016\/09\/27\/encore-un-peu-de-soleil-pour-lapero-avec-des-brochettes-de-melon-au-lard-et-sauce-teriyaki\/#primaryimage"},"thumbnailUrl":"https:\/\/latambouilledebouille.com\/wp-content\/uploads\/2016\/09\/112683478-1.jpg","keywords":["5 baies","ap\u00e9ritif","apero","brochettes","convivial","express","facile","familiale","kikkoman","lard","melon","rapide","recette","sauce","simple","teriyaki","tranche de lard"],"articleSection":["Ap\u00e9ro"],"inLanguage":"fr-FR","potentialAction":[{"@type":"CommentAction","name":"Comment","target":["https:\/\/latambouilledebouille.com\/index.php\/2016\/09\/27\/encore-un-peu-de-soleil-pour-lapero-avec-des-brochettes-de-melon-au-lard-et-sauce-teriyaki\/#respond"]}]},{"@type":"WebPage","@id":"https:\/\/latambouilledebouille.com\/index.php\/2016\/09\/27\/encore-un-peu-de-soleil-pour-lapero-avec-des-brochettes-de-melon-au-lard-et-sauce-teriyaki\/","url":"https:\/\/latambouilledebouille.com\/index.php\/2016\/09\/27\/encore-un-peu-de-soleil-pour-lapero-avec-des-brochettes-de-melon-au-lard-et-sauce-teriyaki\/","name":"Encore un peu de soleil pour l'ap\u00e9ro avec des brochettes de melon au lard et sauce Teriyaki. - La tambouille de Bouille","isPartOf":{"@id":"https:\/\/latambouilledebouille.com\/#website"},"primaryImageOfPage":{"@id":"https:\/\/latambouilledebouille.com\/index.php\/2016\/09\/27\/encore-un-peu-de-soleil-pour-lapero-avec-des-brochettes-de-melon-au-lard-et-sauce-teriyaki\/#primaryimage"},"image":{"@id":"https:\/\/latambouilledebouille.com\/index.php\/2016\/09\/27\/encore-un-peu-de-soleil-pour-lapero-avec-des-brochettes-de-melon-au-lard-et-sauce-teriyaki\/#primaryimage"},"thumbnailUrl":"https:\/\/latambouilledebouille.com\/wp-content\/uploads\/2016\/09\/112683478-1.jpg","datePublished":"2016-09-27T05:49:00+00:00","dateModified":"2016-09-27T05:49:00+00:00","breadcrumb":{"@id":"https:\/\/latambouilledebouille.com\/index.php\/2016\/09\/27\/encore-un-peu-de-soleil-pour-lapero-avec-des-brochettes-de-melon-au-lard-et-sauce-teriyaki\/#breadcrumb"},"inLanguage":"fr-FR","potentialAction":[{"@type":"ReadAction","target":["https:\/\/latambouilledebouille.com\/index.php\/2016\/09\/27\/encore-un-peu-de-soleil-pour-lapero-avec-des-brochettes-de-melon-au-lard-et-sauce-teriyaki\/"]}]},{"@type":"ImageObject","inLanguage":"fr-FR","@id":"https:\/\/latambouilledebouille.com\/index.php\/2016\/09\/27\/encore-un-peu-de-soleil-pour-lapero-avec-des-brochettes-de-melon-au-lard-et-sauce-teriyaki\/#primaryimage","url":"https:\/\/i0.wp.com\/latambouilledebouille.com\/wp-content\/uploads\/2016\/09\/112683478-1.jpg?fit=800%2C572&ssl=1","contentUrl":"https:\/\/i0.wp.com\/latambouilledebouille.com\/wp-content\/uploads\/2016\/09\/112683478-1.jpg?fit=800%2C572&ssl=1","width":800,"height":572},{"@type":"BreadcrumbList","@id":"https:\/\/latambouilledebouille.com\/index.php\/2016\/09\/27\/encore-un-peu-de-soleil-pour-lapero-avec-des-brochettes-de-melon-au-lard-et-sauce-teriyaki\/#breadcrumb","itemListElement":[{"@type":"ListItem","position":1,"name":"Accueil","item":"https:\/\/latambouilledebouille.com\/"},{"@type":"ListItem","position":2,"name":"Encore un peu de soleil pour l&#8217;ap\u00e9ro avec des brochettes de melon au lard et sauce Teriyaki."}]},{"@type":"WebSite","@id":"https:\/\/latambouilledebouille.com\/#website","url":"https:\/\/latambouilledebouille.com\/","name":"La tambouille de Bouille","description":"De la gourmandise sucr\u00e9e, sal\u00e9e, avec une pinc\u00e9e de fantaisie","publisher":{"@id":"https:\/\/latambouilledebouille.com\/#\/schema\/person\/60a785d85a273d47d213dd39e49799d2"},"potentialAction":[{"@type":"SearchAction","target":{"@type":"EntryPoint","urlTemplate":"https:\/\/latambouilledebouille.com\/?s={search_term_string}"},"query-input":{"@type":"PropertyValueSpecification","valueRequired":true,"valueName":"search_term_string"}}],"inLanguage":"fr-FR"},{"@type":["Person","Organization"],"@id":"https:\/\/latambouilledebouille.com\/#\/schema\/person\/60a785d85a273d47d213dd39e49799d2","name":"BouilledeGum","image":{"@type":"ImageObject","inLanguage":"fr-FR","@id":"https:\/\/latambouilledebouille.com\/#\/schema\/person\/image\/","url":"https:\/\/secure.gravatar.com\/avatar\/2b559a9357377a79331e346651242fa8?s=96&d=mm&r=g","contentUrl":"https:\/\/secure.gravatar.com\/avatar\/2b559a9357377a79331e346651242fa8?s=96&d=mm&r=g","caption":"BouilledeGum"},"logo":{"@id":"https:\/\/latambouilledebouille.com\/#\/schema\/person\/image\/"},"sameAs":["https:\/\/latambouilledebouille.com"],"url":"https:\/\/latambouilledebouille.com\/index.php\/author\/bouilledegum\/"}]}},"jetpack_featured_media_url":"","jetpack_sharing_enabled":true,"_links":{"self":[{"href":"https:\/\/latambouilledebouille.com\/index.php\/wp-json\/wp\/v2\/posts\/1134","targetHints":{"allow":["GET"]}}],"collection":[{"href":"https:\/\/latambouilledebouille.com\/index.php\/wp-json\/wp\/v2\/posts"}],"about":[{"href":"https:\/\/latambouilledebouille.com\/index.php\/wp-json\/wp\/v2\/types\/post"}],"author":[{"embeddable":true,"href":"https:\/\/latambouilledebouille.com\/index.php\/wp-json\/wp\/v2\/users\/2"}],"replies":[{"embeddable":true,"href":"https:\/\/latambouilledebouille.com\/index.php\/wp-json\/wp\/v2\/comments?post=1134"}],"version-history":[{"count":0,"href":"https:\/\/latambouilledebouille.com\/index.php\/wp-json\/wp\/v2\/posts\/1134\/revisions"}],"wp:attachment":[{"href":"https:\/\/latambouilledebouille.com\/index.php\/wp-json\/wp\/v2\/media?parent=1134"}],"wp:term":[{"taxonomy":"category","embeddable":true,"href":"https:\/\/latambouilledebouille.com\/index.php\/wp-json\/wp\/v2\/categories?post=1134"},{"taxonomy":"post_tag","embeddable":true,"href":"https:\/\/latambouilledebouille.com\/index.php\/wp-json\/wp\/v2\/tags?post=1134"}],"curies":[{"name":"wp","href":"https:\/\/api.w.org\/{rel}","templated":true}]}}